{"id":10659,"date":"2024-04-24T15:29:12","date_gmt":"2024-04-24T15:29:12","guid":{"rendered":"https:\/\/www.novakidschool.com\/pl\/blog\/?p=10659"},"modified":"2024-04-24T15:29:13","modified_gmt":"2024-04-24T15:29:13","slug":"wakacje-z-dzieckiem-w-gorach","status":"publish","type":"post","link":"https:\/\/www.novakidschool.com\/pl\/blog\/wakacje-z-dzieckiem-w-gorach\/","title":{"rendered":"Gdzie jecha\u0107 w g\u00f3ry z dzieckiem? Polecane kierunki na rodzinne wakacje w g\u00f3rach"},"content":{"rendered":"  <section class=\"section blogHeader\" id=\"blogHeader-block_ab15fe25ef1d2fc559126ac4c392007d\">\n      <div class=\"blogHeader__wrapper\">\n                              <div class=\"blogHeader__image\">\n              <a href=\"https:\/\/www.novakidschool.com\/pl\/blog\/wp-content\/uploads\/2024\/04\/1024x613_How-to-hike-with-a-child.png\" class=\"glightbox\">\n                <img decoding=\"async\" src=\"https:\/\/www.novakidschool.com\/pl\/blog\/wp-content\/uploads\/2024\/04\/1024x613_How-to-hike-with-a-child.png\" alt=\"Gdzie jecha\u0107 w g\u00f3ry z dzieckiem? Polecane kierunki na rodzinne wakacje w g\u00f3rach\" class=\"blogHeader__imageItem\" srcset=\"https:\/\/www.novakidschool.com\/pl\/blog\/wp-content\/uploads\/2024\/04\/1024x613_How-to-hike-with-a-child-300x180.png 300w, https:\/\/www.novakidschool.com\/pl\/blog\/wp-content\/uploads\/2024\/04\/1024x613_How-to-hike-with-a-child-768x460.png 768w, https:\/\/www.novakidschool.com\/pl\/blog\/wp-content\/uploads\/2024\/04\/1024x613_How-to-hike-with-a-child.png 1024w\" style=\"width:100%; aspect-ratio:1024\/613;\"> \n              <\/a>\n          <\/div>\n          \n      <\/div>\n  <\/section>\n\n      <section class=\"blogContentTable\" data-toc-section>\n        <input type=\"checkbox\" id=\"blogTocToggle\" class=\"blogContentTable__toggle\" \/>\n        <label for=\"blogTocToggle\" class=\"blogContentTable__header\">\n            <span class=\"blogContentTable__heading\">\n                Spis tre\u015bci            <\/span>\n            <span class=\"blogContentTable__arrow\"><\/span>\n        <\/label>\n        <div class=\"blogContentTable__wrapper\">\n            <div class=\"blogContentTable__heading blogContentTable__heading--sidebar\">\n                Spis tre\u015bci            <\/div>\n            <ol class=\"blogContentTable__list\">\n                                    <li>\n                        <span class=\"toc-item\">Gdzie w g\u00f3ry z dzieckiem? 12 propozycji dla ca\u0142ej rodziny<\/span>\n                    <\/li>\n                                    <li>\n                        <span class=\"toc-item\">O czym warto pami\u0119ta\u0107, wybieraj\u0105c si\u0119 z dzieckiem w g\u00f3ry?\u00a0<\/span>\n                    <\/li>\n                                    <li>\n                        <span class=\"toc-item\">Co zabra\u0107 na wyjazd w g\u00f3ry z dzieckiem?\u00a0<\/span>\n                    <\/li>\n                            <\/ol>\n        <\/div>\n    <\/section>\n\n    <script>\n        \/\/ Use DOMContentLoaded for faster TOC initialization\n        document.addEventListener('DOMContentLoaded', () => {\n            const tocSection = document.querySelector('[data-toc-section]');\n            if (!tocSection) return;\n\n            const headings = document.querySelectorAll('.blogHeadingText');\n            const tableContainer = tocSection.querySelector('.blogContentTable__list');\n            if (!tableContainer) return;\n\n            \/\/ Clear the container\n            tableContainer.innerHTML = '';\n\n            \/\/ Count valid headings with h2\n            let validHeadingsCount = 0;\n\n            \/\/ For each heading, create an item in the table of contents\n            headings.forEach((heading, index) => {\n                const h2 = heading.querySelector('h2');\n                if (!h2) return;\n\n                validHeadingsCount++;\n                const title = h2.textContent.trim();\n                const itemHtml = `<li><a href=\"#${heading.id}\">${title}<\/a><\/li>`;\n                tableContainer.innerHTML += itemHtml;\n            });\n\n            \/\/ Hide TOC if no valid headings found\n            if (validHeadingsCount === 0) {\n                tocSection.style.display = 'none';\n            }\n            \n            \/\/ Dispatch custom event to notify that TOC is ready\n            document.dispatchEvent(new CustomEvent('tocReady'));\n        });\n    <\/script>\n  \n\n\n  <section class=\"section blogText\" id=\"blogText-block_1dbff3683cd75e7c655271077387c497\">\n    <div class=\"blogText__wrapper\">\n        <div class=\"blogText__content\">\n            <p>Wakacje w g\u00f3rach z dzie\u0107mi to doskona\u0142a okazja do wsp\u00f3lnego sp\u0119dzenia czasu, zdobywania nowych do\u015bwiadcze\u0144 i cieszenia si\u0119 pi\u0119knem natury. Polskie g\u00f3ry oferuj\u0105 mn\u00f3stwo atrakcji dostosowanych do potrzeb i mo\u017cliwo\u015bci najm\u0142odszych, co sprawia, \u017ce rodzice mog\u0105 bez obaw wybiera\u0107 spo\u015br\u00f3d r\u00f3\u017cnorodnych tras.<\/p>\n<p>Niezale\u017cnie od wieku dziecka, g\u00f3rskie wycieczki mog\u0105 dostarczy\u0107 niezapomnianych wra\u017ce\u0144 i by\u0107 bezpieczn\u0105 form\u0105 aktywnego wypoczynku.<\/p>\n<p>Decyduj\u0105c si\u0119 na konkretny kierunek, warto wzi\u0105\u0107 pod uwag\u0119 wiek dzieci, wcze\u015bniejsze do\u015bwiadczenie w g\u00f3rach oraz indywidualne oczekiwania wszystkich cz\u0142onk\u00f3w rodziny. Trasa na g\u00f3rsk\u0105 wycieczk\u0119 z najm\u0142odszymi powinna by\u0107 przede wszystkim kr\u00f3tka i \u0142atwa. Atrakcyjne dla dzieci b\u0119d\u0105 takie miejsca, jak schroniska z mo\u017cliwo\u015bci\u0105 zdobycia pami\u0105tkowej piecz\u0105tki czy odznaki, oraz wie\u017ce widokowe, place zabaw, mini-zoo, a tak\u017ce malownicze \u0142\u0105ki, idealne na rodzinny piknik.<\/p>\n<p>W artykule przedstawimy praktyczne porady, kt\u00f3re pomog\u0105 zaplanowa\u0107 idealne rodzinne wakacje w g\u00f3rach z dzie\u0107mi. Dowiesz si\u0119, gdzie warto jecha\u0107, aby w pe\u0142ni skorzysta\u0107 z urok\u00f3w g\u00f3rskich krajobraz\u00f3w, jakie trasy s\u0105 najbezpieczniejsze i najciekawsze dla maluch\u00f3w oraz co spakowa\u0107, by wasza g\u00f3rska przygoda by\u0142a komfortowa i pe\u0142na wra\u017ce\u0144.<\/p>\n<p>Zapraszamy do wsp\u00f3lnego odkrywania z nami najlepszych miejsc na wycieczki w g\u00f3ry z dzie\u0107mi!<\/p>\n        <\/div>\n    <\/div>\n  <\/section>\n\n\n  <section class=\"section blogImage\" id=\"blogImage-block_2916f9b67921e6225500954c19300bc9\">\n    <div class=\"blogImage__wrapper\" >\n        <div class=\"blogImage__image\">\n            <a href=\"https:\/\/www.novakidschool.com\/pl\/blog\/wp-content\/uploads\/2024\/04\/Rodzice-chodza-z-dziecmi-po-gorach-ilustracja.jpg\" class=\"glightbox\">\n                <img decoding=\"async\" src=\"https:\/\/www.novakidschool.com\/pl\/blog\/wp-content\/uploads\/2024\/04\/Rodzice-chodza-z-dziecmi-po-gorach-ilustracja.jpg\" alt=\"\" class=\"blogImage__imageItem blogImage__imageItem--noCrop\" srcset=\"https:\/\/www.novakidschool.com\/pl\/blog\/wp-content\/uploads\/2024\/04\/Rodzice-chodza-z-dziecmi-po-gorach-ilustracja-300x171.jpg 300w, https:\/\/www.novakidschool.com\/pl\/blog\/wp-content\/uploads\/2024\/04\/Rodzice-chodza-z-dziecmi-po-gorach-ilustracja-1024x585.jpg 1024w, https:\/\/www.novakidschool.com\/pl\/blog\/wp-content\/uploads\/2024\/04\/Rodzice-chodza-z-dziecmi-po-gorach-ilustracja-768x439.jpg 768w, https:\/\/www.novakidschool.com\/pl\/blog\/wp-content\/uploads\/2024\/04\/Rodzice-chodza-z-dziecmi-po-gorach-ilustracja-1536x878.jpg 1536w, https:\/\/www.novakidschool.com\/pl\/blog\/wp-content\/uploads\/2024\/04\/Rodzice-chodza-z-dziecmi-po-gorach-ilustracja-1080x617.jpg 1080w, https:\/\/www.novakidschool.com\/pl\/blog\/wp-content\/uploads\/2024\/04\/Rodzice-chodza-z-dziecmi-po-gorach-ilustracja.jpg 1792w\" >\n                <div class=\"glightbox__zoom\">\n                    <img decoding=\"async\" src=\"https:\/\/www.novakidschool.com\/pl\/blog\/wp-content\/themes\/novakid\/public\/img\/icons\/search.svg\" alt=\"Zoom icon\" class=\"style-svg\">\n                <\/div>\n            <\/a>\n        <\/div>\n            <\/div>\n  <\/section>\n\n\n  <section class=\"section blogHeadingText\" id=\"blogHeadingText-block_7986382fe5082e9c123af18088eb3093\">\n    <div class=\"blogHeadingText__wrapper\" >\n        <div class=\"blogHeadingText__heading\">\n            <h2 class=\"blogHeadingText__headingItem\" data-blog-heading data-section-id=\"blogHeadingText-block_7986382fe5082e9c123af18088eb3093\">\n                Gdzie w g\u00f3ry z dzieckiem? 12 propozycji dla ca\u0142ej rodziny            <\/h2>\n        <\/div>\n        <div class=\"blogHeadingText__content\">\n            <p>Polskie g\u00f3ry s\u0105 doskona\u0142ym miejscem na rodzinne wyprawy dzi\u0119ki swojej dost\u0119pno\u015bci i r\u00f3\u017cnorodno\u015bci tras, kt\u00f3re s\u0105 odpowiednie nawet dla najm\u0142odszych dzieci.<\/p>\n<p>Wiele szlak\u00f3w turystycznych jest na tyle \u0142agodnych, \u017ce pozwala na bezpieczne odkrywanie przyrody, co czyni je idealnym wyborem dla ca\u0142ych rodzin. Po drodze mo\u017cna natkn\u0105\u0107 si\u0119 na liczne atrakcje, takie jak interaktywne \u015bcie\u017cki edukacyjne, place zabaw i punkty widokowe, kt\u00f3re zachwycaj\u0105 pi\u0119knymi panoramami.<\/p>\n<p>Polskie g\u00f3ry oferuj\u0105 nie tylko przepi\u0119kne krajobrazy, ale r\u00f3wnie\u017c bogat\u0105 ofert\u0119 kulturaln\u0105 i rekreacyjn\u0105, dzi\u0119ki czemu taka wycieczka mo\u017ce sta\u0107 si\u0119 niezapomnianym prze\u017cyciem dla ca\u0142ej rodziny.<\/p>\n<div class=\"flex-1 overflow-hidden\">\n<div class=\"react-scroll-to-bottom--css-dbyah-79elbk h-full\">\n<div class=\"react-scroll-to-bottom--css-dbyah-1n7m0yu\">\n<div>\n<div class=\"flex flex-col text-sm pb-9\">\n<div class=\"w-full text-token-text-primary\" dir=\"auto\" data-testid=\"conversation-turn-7\">\n<div class=\"px-4 py-2 justify-center text-base md:gap-6 m-auto\">\n<div class=\"flex flex-1 text-base mx-auto gap-3 juice:gap-4 juice:md:gap-6 md:px-5 lg:px-1 xl:px-5 md:max-w-3xl lg:max-w-[40rem] xl:max-w-[48rem]\">\n<div class=\"relative flex w-full min-w-0 flex-col agent-turn\">\n<div class=\"flex-col gap-1 md:gap-3\">\n<div class=\"flex flex-grow flex-col max-w-full\">\n<div class=\"text-message flex flex-col items-start gap-3 whitespace-pre-wrap break-words [.text-message+&amp;]:mt-5 overflow-x-auto\" dir=\"auto\" data-message-author-role=\"assistant\" data-message-id=\"7dc7b77f-e7e1-4335-b9ef-29fac5121be5\">\n<div class=\"markdown prose w-full break-words dark:prose-invert dark\">\n<h3>1. Karkonosze i Szklarska Por\u0119ba<\/h3>\n<p>Karkonosze to idealne miejsce na rodzinne wakacje w g\u00f3rach, szczeg\u00f3lnie atrakcyjne s\u0105 dla rodzin z dzie\u0107mi dzi\u0119ki \u0142agodnym szlakom i bogatej infrastrukturze turystycznej. Szklarska Por\u0119ba oferuje wiele atrakcji, takich jak Park Dinozaur\u00f3w, interaktywne \u015bcie\u017cki edukacyjne oraz liczne o\u015brodki wypoczynkowe z placami zabaw. Warto odwiedzi\u0107 r\u00f3wnie\u017c Wodospad Kamie\u0144czyka i szlak na Szrenic\u0119, kt\u00f3ry jest dostosowany nawet dla m\u0142odszych dzieci. Trasa jest oznaczona na zielono i zajmuje oko\u0142o 2-3 godzin marszu. Polecamy tak\u017ce wycieczk\u0119 do schroniska na Hali Szrenickiej, gdzie mo\u017cna zdoby\u0107 piecz\u0105tki turystyczne.<\/p>\n<h3>2. Tatry i Dolina Chocho\u0142owska<\/h3>\n<p>Dolina Chocho\u0142owska w Tatrach to doskona\u0142y wyb\u00f3r dla rodzin z dzie\u0107mi, kt\u00f3re chc\u0105 poczu\u0107 prawdziwy g\u00f3rski klimat bez nadmiernego wysi\u0142ku. \u0141atwy i bezpieczny szlak prowadzi do najd\u0142u\u017cszej doliny w Tatrach, oferuj\u0105c po drodze przepi\u0119kne widoki i mo\u017cliwo\u015b\u0107 odwiedzenia Term Chocho\u0142owskich. Trasa jest dost\u0119pna dla dzieci ju\u017c od 3 roku \u017cycia. Spacer do schroniska zajmuje oko\u0142o 2 godziny w jedn\u0105 stron\u0119, co czyni go idealnym na jednodniow\u0105 wycieczk\u0119. Na miejscu dost\u0119pne s\u0105 plac zabaw i edukacyjne \u015bcie\u017cki przyrodnicze.<\/p>\n<h3>3. G\u00f3ry \u015awi\u0119tokrzyskie<\/h3>\n<p>G\u00f3ry \u015awi\u0119tokrzyskie s\u0105 doskona\u0142ym wyborem dla rodzin, oferuj\u0105c \u0142agodne trasy i bogactwo przyrodnicze. Atrakcje, takie jak Park Miniatur i \u015acie\u017cka Edukacyjna na \u015awi\u0119tym Krzy\u017cu, sprawiaj\u0105, \u017ce jest to idealne miejsce dla dzieci ju\u017c od najm\u0142odszych lat. Warto odwiedzi\u0107 tak\u017ce centrum Geoedukacyjne i \u0141ysic\u0119, najwy\u017cszy szczyt, kt\u00f3ry jest dost\u0119pny nawet dla mniej do\u015bwiadczonych turyst\u00f3w. Trasa z Nowej S\u0142upi do \u015awi\u0119tego Krzy\u017ca jest kr\u00f3tka i trwa oko\u0142o 1,5 godziny, co jest idealnym wyborem dla m\u0142odszych uczestnik\u00f3w wyprawy.<\/p>\n<h3>4. Pieniny \u2013 g\u00f3rskie szczyty i Park Narodowy<\/h3>\n<p>Pieniny to \u015bwietne miejsce na rodzinne w\u0119dr\u00f3wki. Znajdziemy tam trasy takie jak s\u0142ynny szlak na Trzy Korony. Jest on dost\u0119pny dla dzieci od 7 roku \u017cycia i zapewnia spektakularne widoki na okolic\u0119. Atrakcje regionalne to r\u00f3wnie\u017c sp\u0142yw Dunajcem i wizyta w mini-zoo w Szczawnicy. Szlak jest dobrze przygotowany, a przej\u015bcie zajmuje oko\u0142o 3 godziny. Pieni\u0144ski Park Narodowy oferuje r\u00f3wnie\u017c wiele \u015bcie\u017cek edukacyjnych, kt\u00f3re umo\u017cliwiaj\u0105 poznawanie lokalnej fauny i flory.<\/p>\n<h3>5. G\u00f3ry Izerskie w Sudetach<\/h3>\n<p>G\u00f3ry Izerskie s\u0105 idealne dla rodzin dzi\u0119ki \u0142agodnym szlakom i malowniczym krajobrazom. Atrakcj\u0105 dla dzieci s\u0105 Izerskie Garby oraz \u015acie\u017cka w Koronach Drzew w Jizerce, kt\u00f3ra dostarcza wra\u017ce\u0144 i umo\u017cliwia prze\u017cycie przyg\u00f3d blisko przyrody z zupe\u0142nie nowej perspektywy. Szlak z Jakuszyc do Chatki G\u00f3rzyst\u00f3w jest \u0142atwy, trwa 2 godziny i jest dost\u0119pny dla dzieci ju\u017c od 4 roku \u017cycia. Dodatkowo region oferuje liczne atrakcje takie jak warsztaty rzemie\u015blnicze i mo\u017cliwo\u015b\u0107 obserwacji dzikiej przyrody.<\/p>\n<h3>6. G\u00f3ry Sto\u0142owe i Kudowa-Zdr\u00f3j<\/h3>\n<p>G\u00f3ry Sto\u0142owe znane s\u0105 z unikalnych formacji skalnych i s\u0105 doskona\u0142e dla rodzin, oferuj\u0105c edukacyjne \u015bcie\u017cki przyrodnicze i \u0142atwe trasy. Szczeg\u00f3lnie atrakcyjna s\u0105 B\u0142\u0119dne Ska\u0142y oraz Szczeliniec Wielki, dost\u0119pne dla dzieci ju\u017c od 5 roku \u017cycia. Trasa z Kar\u0142owa do Szczeli\u0144ca jest oznaczona na czerwono i zajmuje oko\u0142o 3 godzin. W Kudowie-Zdr\u00f3j warto odwiedzi\u0107 Park Zdrojowy z mini-zoo i liczne punkty widokowe, kt\u00f3re zachwycaj\u0105 dzieci i doros\u0142ych.<\/p>\n<\/div>\n<\/div>\n<\/div>\n<\/div>\n<\/div>\n<\/div>\n<\/div>\n<\/div>\n<div class=\"w-full text-token-text-primary\" dir=\"auto\" data-testid=\"conversation-turn-9\">\n<div class=\"px-4 py-2 justify-center text-base md:gap-6 m-auto\">\n<div class=\"flex flex-1 text-base mx-auto gap-3 juice:gap-4 juice:md:gap-6 md:px-5 lg:px-1 xl:px-5 md:max-w-3xl lg:max-w-[40rem] xl:max-w-[48rem]\">\n<div class=\"relative flex w-full min-w-0 flex-col agent-turn\">\n<div class=\"flex-col gap-1 md:gap-3\">\n<div class=\"flex flex-grow flex-col max-w-full\">\n<div class=\"text-message flex flex-col items-start gap-3 whitespace-pre-wrap break-words [.text-message+&amp;]:mt-5 overflow-x-auto\" dir=\"auto\" data-message-author-role=\"assistant\" data-message-id=\"93d103c8-c96d-4a9a-9410-9fea87ae2be9\">\n<div class=\"markdown prose w-full break-words dark:prose-invert dark\">\n<h3>7. G\u00f3ry Sowie<\/h3>\n<p>G\u00f3ry Sowie to \u015bwietne miejsce na rodzinne wycieczki, oferuj\u0105ce liczne szlaki dostosowane do mo\u017cliwo\u015bci dzieci. Atrakcyjne s\u0105 tu szczeg\u00f3lnie podziemne trasy turystyczne w Starej Kopalni w Wa\u0142brzychu oraz szlak do Wielkiej Sowy, najwy\u017cszego szczytu, kt\u00f3ry jest dost\u0119pny nawet dla mniej do\u015bwiadczonych turyst\u00f3w. Wycieczka ta jest odpowiednia dla dzieci od 6 roku \u017cycia i trwa oko\u0142o 2-3 godziny. W regionie dost\u0119pne s\u0105 tak\u017ce liczne edukacyjne \u015bcie\u017cki przyrodnicze oraz mo\u017cliwo\u015b\u0107 odwiedzenia tajemniczych zamk\u00f3w, jak Zamek Ksi\u0105\u017c, co czyni wycieczk\u0119 fascynuj\u0105c\u0105 zar\u00f3wno dla dzieci, jak i doros\u0142ych.<\/p>\n<h3>8. Beskid \u015al\u0105ski<\/h3>\n<p>Beskid \u015al\u0105ski jest idealny dla rodzin z dzie\u0107mi, oferuj\u0105c \u0142agodne, bezpieczne trasy oraz wiele atrakcji. Warto odwiedzi\u0107 miejscowo\u015b\u0107 Szczyrk, gdzie znajduj\u0105 si\u0119 liczne trasy turystyczne oraz kolej linowa na Skrzyczne, dost\u0119pna r\u00f3wnie\u017c dla najm\u0142odszych. Trasa z Bielska-Bia\u0142ej do Szczyrku jest \u0142atwa i mo\u017ce zaj\u0105\u0107 oko\u0142o 2 godziny. Na miejscu czekaj\u0105 atrakcje takie jak Le\u015bny Park Niespodzianek, gdzie dzieci mog\u0105 z bliska obserwowa\u0107 zwierz\u0119ta oraz uczestniczy\u0107 w interaktywnych zaj\u0119ciach przyrodniczych.<\/p>\n<h3>9. Beskid \u017bywiecki<\/h3>\n<p>Beskid \u017bywiecki to doskona\u0142a opcja dla rodzin z dzie\u0107mi, kt\u00f3re chc\u0105 do\u015bwiadczy\u0107 prawdziwie g\u00f3rskiej przygody. Najbardziej polecamy tras\u0119 na Pilsko przez Korbiel\u00f3w, kt\u00f3ra jest jednym z \u0142agodniejszych szlak\u00f3w w okolicy i gwarantuje malownicze widoki. Szlak jest odpowiedni dla dzieci od 7 roku \u017cycia i zajmuje oko\u0142o 3 godzin. W regionie znajduj\u0105 si\u0119 r\u00f3wnie\u017c atrakcje jak Le\u015bny Park Edukacyjny w Zwardoniu, kt\u00f3ry ma edukacyjne \u015bcie\u017cki przyrodnicze i umo\u017cliwia bliskie spotkania z faun\u0105 i flor\u0105 g\u00f3rsk\u0105.<\/p>\n<h3>10. Rudawy Janowickie<\/h3>\n<p>Rudawy Janowickie oferuj\u0105 mn\u00f3stwo atrakcji dla rodzin z dzie\u0107mi, w tym \u0142atwe szlaki g\u00f3rskie i pi\u0119kne krajobrazy. Idealna trasa prowadzi z Janowic Wielkich do Zamku Bolcz\u00f3w, co jest atrakcj\u0105 sam\u0105 w sobie. Szlak jest \u0142atwy, bezpieczny dla dzieci i zajmuje oko\u0142o 2 godziny. Po drodze warto odwiedzi\u0107 Wie\u017c\u0119 Ksi\u0119\u017cnej Anny, gdzie mo\u017cna podziwia\u0107 panoram\u0119 okolicy. Region ten jest odpowiedni dla dzieci od 5 roku \u017cycia i oferuje liczne mo\u017cliwo\u015bci do nauki poprzez zabaw\u0119 i obserwacj\u0119 natury.<\/p>\n<h3>11. Szwajcaria Saksonska (Szlak Malarzy)<\/h3>\n<p>Szwajcaria Saksonska to niezwyk\u0142e miejsce, kt\u00f3re swoim pi\u0119knem inspirowa\u0142o niegdy\u015b malarzy i artyst\u00f3w. Szlak Malarzy, kt\u00f3ry prowadzi przez malownicze krajobrazy i spektakularne formacje skalne, jest doskona\u0142y dla rodzin z dzie\u0107mi. Trasa z Wehlen do Rathen jest \u0142atwa i zapewnia wiele miejsc do odpoczynku oraz umo\u017cliwia edukacj\u0119 na temat geologii i sztuki. Szlak jest odpowiedni dla dzieci od 6 roku \u017cycia, a ca\u0142a wycieczka mo\u017ce trwa\u0107 3-4 godziny. W regionie warto odwiedzi\u0107 tak\u017ce Festung K\u00f6nigstein, imponuj\u0105c\u0105 fortec\u0119, kt\u00f3ra oferuje zar\u00f3wno historyczne jak i przyrodnicze atrakcje.<\/p>\n<h3>12. Bieszczady &#8211; Po\u0142onina Cary\u0144ska<\/h3>\n<p>Bieszczady to idealne miejsce na wycieczki z dzie\u0107mi, kt\u00f3re ceni\u0105 cisz\u0119 i kontakt z natur\u0105. Po\u0142onina Cary\u0144ska oferuje jedne z najpi\u0119kniejszych widok\u00f3w w Bieszczadach i szlaki dostosowane do mo\u017cliwo\u015bci m\u0142odszych turyst\u00f3w. Trasa z Ustrzyk G\u00f3rnych na Po\u0142onin\u0119 Cary\u0144sk\u0105 jest umiarkowanie trudna, ale dobrze przygotowana i oznaczona, co czyni j\u0105 dost\u0119pn\u0105 dla dzieci od 8 roku \u017cycia. Trwa oko\u0142o 4-5 godzin i prowadzi przez jedne z najbardziej malowniczych teren\u00f3w w Polsce, oferuj\u0105c niezapomniane wra\u017cenia i bliski kontakt z dzik\u0105 przyrod\u0105.<\/p>\n<\/div>\n<\/div>\n<\/div>\n<\/div>\n<\/div>\n<\/div>\n<\/div>\n<\/div>\n<\/div>\n<\/div>\n<\/div>\n<\/div>\n<\/div>\n        <\/div>\n    <\/div>\n  <\/section>\n\n\n  <section class=\"section blogImage\" id=\"blogImage-block_11ffda83f4d93e9ae57e49e8f6150bff\">\n    <div class=\"blogImage__wrapper\" >\n        <div class=\"blogImage__image\">\n            <a href=\"https:\/\/www.novakidschool.com\/pl\/blog\/wp-content\/uploads\/2024\/04\/Rodzina-wedruje-po-gorach-ilustracja.jpg\" class=\"glightbox\">\n                <img decoding=\"async\" src=\"https:\/\/www.novakidschool.com\/pl\/blog\/wp-content\/uploads\/2024\/04\/Rodzina-wedruje-po-gorach-ilustracja.jpg\" alt=\"Rodzina we\u0328druje po go\u0301rach - ilustracja\" class=\"blogImage__imageItem blogImage__imageItem--noCrop\" srcset=\"https:\/\/www.novakidschool.com\/pl\/blog\/wp-content\/uploads\/2024\/04\/Rodzina-wedruje-po-gorach-ilustracja-300x171.jpg 300w, https:\/\/www.novakidschool.com\/pl\/blog\/wp-content\/uploads\/2024\/04\/Rodzina-wedruje-po-gorach-ilustracja-1024x585.jpg 1024w, https:\/\/www.novakidschool.com\/pl\/blog\/wp-content\/uploads\/2024\/04\/Rodzina-wedruje-po-gorach-ilustracja-768x439.jpg 768w, https:\/\/www.novakidschool.com\/pl\/blog\/wp-content\/uploads\/2024\/04\/Rodzina-wedruje-po-gorach-ilustracja-1536x878.jpg 1536w, https:\/\/www.novakidschool.com\/pl\/blog\/wp-content\/uploads\/2024\/04\/Rodzina-wedruje-po-gorach-ilustracja-1080x617.jpg 1080w, https:\/\/www.novakidschool.com\/pl\/blog\/wp-content\/uploads\/2024\/04\/Rodzina-wedruje-po-gorach-ilustracja.jpg 1792w\" >\n                <div class=\"glightbox__zoom\">\n                    <img decoding=\"async\" src=\"https:\/\/www.novakidschool.com\/pl\/blog\/wp-content\/themes\/novakid\/public\/img\/icons\/search.svg\" alt=\"Zoom icon\" class=\"style-svg\">\n                <\/div>\n            <\/a>\n        <\/div>\n            <\/div>\n  <\/section>\n\n\n  <section class=\"section blogHeadingText\" id=\"blogHeadingText-block_9f818d411850b6d38f2e45f672016c5e\">\n    <div class=\"blogHeadingText__wrapper\" >\n        <div class=\"blogHeadingText__heading\">\n            <h2 class=\"blogHeadingText__headingItem\" data-blog-heading data-section-id=\"blogHeadingText-block_9f818d411850b6d38f2e45f672016c5e\">\n                O czym warto pami\u0119ta\u0107, wybieraj\u0105c si\u0119 z dzieckiem w g\u00f3ry?\u00a0            <\/h2>\n        <\/div>\n        <div class=\"blogHeadingText__content\">\n            <p>Wybieraj\u0105c si\u0119 z dzieckiem w g\u00f3ry, przede wszystkim, nale\u017cy dostosowa\u0107 trudno\u015b\u0107 szlak\u00f3w do wieku i kondycji dziecka, unikaj\u0105c zbyt wymagaj\u0105cych tras, kt\u00f3re mog\u0142yby przem\u0119czy\u0107 najm\u0142odszych. Wa\u017cne jest tak\u017ce sprawdzenie prognozy pogody, aby unika\u0107 niespodzianek i zadba\u0107 o odpowiednie ubranie dla wszystkich uczestnik\u00f3w wprawy. Niezb\u0119dne jest r\u00f3wnie\u017c zabranie odpowiedniej ilo\u015bci wody i przek\u0105sek, kt\u00f3re zapewni\u0105 energi\u0119 podczas w\u0119dr\u00f3wki. Warto zaopatrzy\u0107 si\u0119 w apteczk\u0119 pierwszej pomocy oraz zna\u0107 lokalizacje najbli\u017cszych punkt\u00f3w ratunkowych.<\/p>\n<p>Poni\u017cej szczeg\u00f3\u0142owo om\u00f3wimy najwa\u017cniejsze aspekty podczas planowania wakacji w g\u00f3rach z dzieckiem.<\/p>\n<h3 class=\"p1\">Wyb\u00f3r bazy wypadowej i noclegu przyjaznego dzieciom<\/h3>\n<p>Wybieraj\u0105c wakacyjn\u0105 baz\u0119 wypadow\u0105 i miejsce noclegu zwr\u00f3\u0107 uwag\u0119 na dost\u0119pno\u015b\u0107 specjalnych udogodnie\u0144 dla rodzin oraz dodatkowych atrakcji dla dzieci. Idealne miejsca to te, kt\u00f3re oferuj\u0105 nie tylko komfortowe warunki, ale tak\u017ce place zabaw, baseny czy specjalne menu dla najm\u0142odszych. Noclegi przyjazne dzieciom cz\u0119sto znajduj\u0105 si\u0119 w rejonach takich jak G\u00f3ry Izerskie, \u015awi\u0119tokrzyskie czy Karkonosze, gdzie dost\u0119pne s\u0105 \u0142atwe szlaki i delikatne podej\u015bcia w g\u00f3ry. Przy wyborze miejsca kieruj si\u0119 r\u00f3wnie\u017c blisko\u015bci\u0105 do atrakcji turystycznych oraz \u0142atwo\u015bci\u0105 dojazdu, aby maksymalnie skr\u00f3ci\u0107 czas dodatkowych przejazd\u00f3w, co jest wa\u017cne zw\u0142aszcza dla rodzin z ma\u0142ymi dzie\u0107mi.<\/p>\n<h3 class=\"p1\">Planowanie niezbyt d\u0142ugich i urozmaiconych tras<\/h3>\n<p>Przy planowaniu tras warto wybiera\u0107 te, kt\u00f3re nie s\u0105 zbyt d\u0142ugie i oferuj\u0105 zr\u00f3\u017cnicowany krajobraz oraz interesuj\u0105ce atrakcje. Idealne s\u0105 trasy z ciekawymi punktami takimi jak schroniska, punkty widokowe czy \u015bcie\u017cki edukacyjne. Szlaki powinny by\u0107 odpowiednio oznakowane i mie\u0107 zaplanowane miejsca postoju. Je\u015bli nie ma mo\u017cliwo\u015bci zakupu jedzenia lub picia po drodze, np. w schronisku, koniecznie spakujcie do plecaka odpowiedni\u0105 ilo\u015b\u0107 prowiantu na ca\u0142y dzie\u0144. Urozmaicenie trasy ciekawymi przystankami pomo\u017ce utrzyma\u0107 zainteresowanie dziecka i sprawi, \u017ce w\u0119dr\u00f3wka b\u0119dzie wyj\u0105tkow\u0105 przygod\u0105. Przyk\u0142adowo, dziecko w wieku 6 lat jest w stanie przej\u015b\u0107 do 8 kilometr\u00f3w dziennie, jednak na pierwsze wycieczki warto zaplanowa\u0107 trasy nieprzekraczaj\u0105ce 6 kilometr\u00f3w.<\/p>\n<h3 class=\"p1\">Ocena kondycji dziecka i zaplanowanie d\u0142ugo\u015bci wycieczki<\/h3>\n<p>Przed wyruszeniem w g\u00f3ry wa\u017cne jest, aby realistycznie oceni\u0107 kondycj\u0119 i mo\u017cliwo\u015bci dziecka. M\u0142odsze dzieci b\u0119d\u0105 potrzebowa\u0107 kr\u00f3tszych tras i cz\u0119stszych przerw. Przy planowaniu d\u0142ugo\u015bci wycieczki warto wzi\u0105\u0107 pod uwag\u0119, \u017ce przygotowane dziecko mo\u017ce spokojnie pokona\u0107 okre\u015blon\u0105 liczb\u0119 kilometr\u00f3w, jednak zawsze lepiej przewidzie\u0107 dodatkowy czas na nieprzewidziane przerwy. Nie zapomnij r\u00f3wnie\u017c o mo\u017cliwo\u015bciach doros\u0142ego nios\u0105cego dziecko \u2013 trasa powinna by\u0107 dostosowana tak, by by\u0142a do pokonania tak\u017ce z dodatkowym obci\u0105\u017ceniem.<\/p>\n<h3 class=\"p1\">Wiek dziecka<\/h3>\n<p>Wycieczki g\u00f3rskie s\u0105 mo\u017cliwe z dzie\u0107mi w ka\u017cdym wieku, jednak spos\u00f3b przygotowania si\u0119 do nich powinien by\u0107 odpowiednio dostosowany. Niemowl\u0119ta i ma\u0142e dzieci mo\u017cna zabiera\u0107 na kr\u00f3tkie spacery w specjalnych noside\u0142kach, zwracaj\u0105c uwag\u0119 na odpowiedni\u0105 ochron\u0119 przed warunkami atmosferycznymi. Dzieci, kt\u00f3re ju\u017c chodz\u0105, mog\u0105 uczestniczy\u0107 w coraz d\u0142u\u017cszych w\u0119dr\u00f3wkach, stopniowo zwi\u0119kszaj\u0105c trudno\u015b\u0107 tras w miar\u0119 wzrostu ich wytrzyma\u0142o\u015bci i g\u00f3rskich do\u015bwiadcze\u0144.<\/p>\n<h3 class=\"p1\">Motywacja dziecka na trasie<\/h3>\n<p>Aby utrzyma\u0107 motywacj\u0119 dziecka na trasie, wprowad\u017a elementy zabawy i interakcji z przyrod\u0105. Organizuj gry takie jak poszukiwanie naturalnych skarb\u00f3w, kt\u00f3re mo\u017cna zbiera\u0107 po drodze. Pochwal dziecko za ka\u017cdy przejaw wytrwa\u0142o\u015bci i zainteresowania przyrod\u0105. Motywuj\u0105ce mog\u0105 by\u0107 tak\u017ce ma\u0142e nagrody za osi\u0105gni\u0119cia na trasie, takie jak ulubione przek\u0105ski czy ma\u0142e pami\u0105tki. Wa\u017cne jest, aby dziecko czu\u0142o satysfakcj\u0119 i rado\u015b\u0107 z ka\u017cdej wyprawy, co zach\u0119ci je do dalszych przyg\u00f3d w g\u00f3rach.<\/p>\n<h3 class=\"p1\">Odpowiednie przygotowanie do wyprawy<\/h3>\n<div class=\"flex-1 overflow-hidden\">\n<div class=\"react-scroll-to-bottom--css-dbyah-79elbk h-full\">\n<div class=\"react-scroll-to-bottom--css-dbyah-1n7m0yu\">\n<div>\n<div class=\"flex flex-col text-sm pb-9\">\n<div class=\"w-full text-token-text-primary\" dir=\"auto\" data-testid=\"conversation-turn-15\">\n<div class=\"px-4 py-2 justify-center text-base md:gap-6 m-auto\">\n<div class=\"flex flex-1 text-base mx-auto gap-3 juice:gap-4 juice:md:gap-6 md:px-5 lg:px-1 xl:px-5 md:max-w-3xl lg:max-w-[40rem] xl:max-w-[48rem]\">\n<div class=\"relative flex w-full min-w-0 flex-col agent-turn\">\n<div class=\"flex-col gap-1 md:gap-3\">\n<div class=\"flex flex-grow flex-col max-w-full\">\n<div class=\"text-message flex flex-col items-start gap-3 whitespace-pre-wrap break-words [.text-message+&amp;]:mt-5 overflow-x-auto\" dir=\"auto\" data-message-author-role=\"assistant\" data-message-id=\"01da8808-5b56-43c8-8ec3-014e1a664b94\">\n<div class=\"markdown prose w-full break-words dark:prose-invert dark\">\n<p>Ka\u017cda g\u00f3rska wyprawa wymaga odpowiedniego przygotowania. Opr\u00f3cz standardowego wyposa\u017cenia, jak odpowiednie buty i odzie\u017c, wa\u017cne jest posiadanie na\u0142adowanego telefonu z zapisanymi numerami alarmowymi oraz numerem do w\u0142a\u015bcicieli o\u015brodka, w kt\u00f3rym si\u0119 przebywa. Upewnij si\u0119, \u017ce masz ze sob\u0105 odpowiedni\u0105 ilo\u015b\u0107 wody i jedzenia, a tak\u017ce apteczk\u0119 pierwszej pomocy. Dobre przygotowanie to klucz do bezpiecznej i udanej wycieczki z dzieckiem.<\/p>\n<\/div>\n<\/div>\n<\/div>\n<\/div>\n<\/div>\n<\/div>\n<\/div>\n<\/div>\n<\/div>\n<\/div>\n<\/div>\n<\/div>\n<\/div>\n        <\/div>\n    <\/div>\n  <\/section>\n\n\n  <section class=\"section blogImage\" id=\"blogImage-block_888f3fbd14d817fbbd054f537a9a8cce\">\n    <div class=\"blogImage__wrapper\" >\n        <div class=\"blogImage__image\">\n            <a href=\"https:\/\/www.novakidschool.com\/pl\/blog\/wp-content\/uploads\/2024\/04\/Rodzina-szykuje-sie-na-wedrowke-po-gorach-ilustracja.jpg\" class=\"glightbox\">\n                <img decoding=\"async\" src=\"https:\/\/www.novakidschool.com\/pl\/blog\/wp-content\/uploads\/2024\/04\/Rodzina-szykuje-sie-na-wedrowke-po-gorach-ilustracja.jpg\" alt=\"Rodzina szykuje sie\u0328 na we\u0328dro\u0301wke\u0328 po go\u0301rach - ilustracja\" class=\"blogImage__imageItem blogImage__imageItem--noCrop\" srcset=\"https:\/\/www.novakidschool.com\/pl\/blog\/wp-content\/uploads\/2024\/04\/Rodzina-szykuje-sie-na-wedrowke-po-gorach-ilustracja-300x171.jpg 300w, https:\/\/www.novakidschool.com\/pl\/blog\/wp-content\/uploads\/2024\/04\/Rodzina-szykuje-sie-na-wedrowke-po-gorach-ilustracja-1024x585.jpg 1024w, https:\/\/www.novakidschool.com\/pl\/blog\/wp-content\/uploads\/2024\/04\/Rodzina-szykuje-sie-na-wedrowke-po-gorach-ilustracja-768x439.jpg 768w, https:\/\/www.novakidschool.com\/pl\/blog\/wp-content\/uploads\/2024\/04\/Rodzina-szykuje-sie-na-wedrowke-po-gorach-ilustracja-1536x878.jpg 1536w, https:\/\/www.novakidschool.com\/pl\/blog\/wp-content\/uploads\/2024\/04\/Rodzina-szykuje-sie-na-wedrowke-po-gorach-ilustracja-1080x617.jpg 1080w, https:\/\/www.novakidschool.com\/pl\/blog\/wp-content\/uploads\/2024\/04\/Rodzina-szykuje-sie-na-wedrowke-po-gorach-ilustracja.jpg 1792w\" >\n                <div class=\"glightbox__zoom\">\n                    <img decoding=\"async\" src=\"https:\/\/www.novakidschool.com\/pl\/blog\/wp-content\/themes\/novakid\/public\/img\/icons\/search.svg\" alt=\"Zoom icon\" class=\"style-svg\">\n                <\/div>\n            <\/a>\n        <\/div>\n            <\/div>\n  <\/section>\n\n\n  <section class=\"section blogHeadingText\" id=\"blogHeadingText-block_a1d6ce8f55c6a4c00ca2056b9c07e531\">\n    <div class=\"blogHeadingText__wrapper\" >\n        <div class=\"blogHeadingText__heading\">\n            <h2 class=\"blogHeadingText__headingItem\" data-blog-heading data-section-id=\"blogHeadingText-block_a1d6ce8f55c6a4c00ca2056b9c07e531\">\n                Co zabra\u0107 na wyjazd w g\u00f3ry z dzieckiem?\u00a0            <\/h2>\n        <\/div>\n        <div class=\"blogHeadingText__content\">\n            <p>Skoro wiemy ju\u017c, \u017ce na ka\u017cd\u0105 rodzinn\u0105 wypraw\u0119 w g\u00f3ry trzeba si\u0119 odpowiednio przygotowa\u0107, sprawd\u017amy, co powinno si\u0119 znale\u017a\u0107 w plecaku na wakacje z dzieckiem w g\u00f3rach oraz na g\u00f3rskim szlaku.<\/p>\n<ul>\n<li><strong>Cieplejsza odzie\u017c<\/strong>: sweter lub bluza polarowa, ciep\u0142e, najlepiej we\u0142niane, grube skarpetki, ciep\u0142a czapka i chustka na szyj\u0119.<\/li>\n<li><strong>Buty trekkingowe<\/strong>: odpowiednio dopasowane do stopy dziecka, z dobr\u0105 przyczepno\u015bci\u0105 i wsparciem dla kostki.<\/li>\n<li><strong>Kurtka przeciwdeszczowa \/ lekkie poncho<\/strong>: im l\u017cejsza tym lepiej, \u0142atwa do sk\u0142adania, najlepiej z kapturem.<\/li>\n<li><strong>Nakrycie g\u0142owy \/ Os\u0142ona przeciws\u0142oneczna<\/strong>: kapelusz lub czapka z daszkiem, dodatkowo okulary przeciws\u0142oneczne dla dzieci i doros\u0142ych.<\/li>\n<li><strong>Picie i jedzenie<\/strong>: woda mineralna (oko\u0142o 1,5 litra na osob\u0119 na dzie\u0144), przek\u0105ski takie jak batony energetyczne, orzechy, banany, suszone owoce, kanapki.<\/li>\n<li><strong>Got\u00f3wka, telefon, dokumenty, mapa, GPS:\u00a0<\/strong>na szlaku przyda si\u0119 portfel z niewielk\u0105 ilo\u015bci\u0105 got\u00f3wki na pami\u0105tki czy toalet\u0119, telefon kom\u00f3rkowy z na\u0142adowan\u0105 bateri\u0105, dowody osobiste, mapa papierowa regionu oraz GPS lub aplikacja nawigacyjna na telefonie.<\/li>\n<li><strong>Apteczka<\/strong>: podstawowe \u015brodki pierwszej pomocy, w tym plastry, banda\u017ce, \u015brodki przeciwb\u00f3lowe, antyseptyczny spray, leki na alergi\u0119, termometr. Przydadz\u0105 si\u0119 tak\u017ce chusteczki lub papier toaletowy.<\/li>\n<li><strong>Krem z filtrem UV<\/strong>: o wysokim faktorze ochrony (SPF 50), szczeg\u00f3lnie wa\u017cny dla dzieci.<\/li>\n<li><strong>\u015arodki przeciw owadom<\/strong>: spray lub ma\u015b\u0107 przeciw komarom i kleszczom.<\/li>\n<li><strong>Plecak turystyczny<\/strong>: wygodny, z regulowanymi szelkami, najlepiej z pokrowcem przeciwdeszczowym.<\/li>\n<li><strong>Zapasowe ubranie<\/strong>: dodatkowa koszulka, bielizna dla dziecka.<\/li>\n<li><strong>Latarka lub czo\u0142\u00f3wka<\/strong>: z dodatkowym zestawem baterii.<\/li>\n<li><strong>Karimata lub mata izolacyjna<\/strong>: mo\u017ce przyda\u0107 si\u0119 podczas odpoczynku na szlaku lub w przypadku planowania pikniku. Jest jednocze\u015bnie lekka i \u0142atwa do spakowania do plecaka.<\/li>\n<\/ul>\n<h3>Podsumowanie<\/h3>\n<p>Wycieczki g\u00f3rskie z dzie\u0107mi to wspania\u0142a okazja do sp\u0119dzenia czasu na \u0142onie natury. To tak\u017ce mo\u017cliwo\u015b\u0107 nauki i przyrodzie w praktyce i wsp\u00f3lnego odkrywania pi\u0119kna polskich krajobraz\u00f3w. Przy odpowiednim przygotowaniu i wyborze odpowiednich tras, ca\u0142a rodzina mo\u017ce cieszy\u0107 si\u0119 bezpiecznym i satysfakcjonuj\u0105cym wypoczynkiem.<\/p>\n<p>Pami\u0119taj, aby dostosowa\u0107 d\u0142ugo\u015b\u0107 i trudno\u015b\u0107 szlak\u00f3w do wieku i kondycji dzieci, zawsze mie\u0107 przy sobie niezb\u0119dne wyposa\u017cenie oraz zaplanowa\u0107 tras\u0119 z r\u00f3\u017cnymi atrakcjami, kt\u00f3re zainteresuj\u0105 najm\u0142odszych.<\/p>\n<p>\\Wsp\u00f3lne planowanie wyprawy mo\u017ce r\u00f3wnie\u017c sta\u0107 si\u0119 ekscytuj\u0105cym do\u015bwiadczeniem dla dzieci, ucz\u0105c je odpowiedzialno\u015bci i podstaw orientacji w terenie. W g\u00f3ry mo\u017cna wybra\u0107 si\u0119 z dzieckiem w ka\u017cdym wieku, co czyni to rodzajem aktywno\u015bci, kt\u00f3ry dostosowuje si\u0119 do potrzeb i mo\u017cliwo\u015bci ka\u017cdej rodziny.<\/p>\n<p>Mamy nadziej\u0119, \u017ce od teraz ka\u017cda g\u00f3rska przygoda stanie si\u0119 niezapomnianym prze\u017cyciem, kt\u00f3re zbli\u017cy Was jako rodzin\u0119 i zostawi po sobie mn\u00f3stwo pi\u0119knych wspomnie\u0144.<\/p>\n        <\/div>\n    <\/div>\n  <\/section>\n","protected":false},"excerpt":{"rendered":"<p>Planujesz wakacje z dzieckiem w g\u00f3rach? Sprawd\u017a list\u0119 szlak\u00f3w g\u00f3rskich przyjaznych dzieciom. Przygotuj si\u0119 na Wasz wymarzony wyjazd w g\u00f3ry. <\/p>\n","protected":false},"author":8,"featured_media":10660,"comment_status":"open","ping_status":"open","sticky":false,"template":"","format":"standard","meta":{"_acf_changed":false,"inline_featured_image":false,"footnotes":""},"categories":[62],"tags":[],"class_list":["post-10659","post","type-post","status-publish","format-standard","has-post-thumbnail","hentry","category-parenting"],"acf":[],"yoast_head":"<!-- This site is optimized with the Yoast SEO plugin v27.4 - https:\/\/yoast.com\/product\/yoast-seo-wordpress\/ -->\n<title>Wakacje z dzieckiem w g\u00f3rach. Gdzie warto si\u0119 wybra\u0107?<\/title>\n<meta name=\"description\" content=\"Planujesz wakacje z dzieckiem w g\u00f3rach? Sprawd\u017a list\u0119 szlak\u00f3w g\u00f3rskich przyjaznych dzieciom. Przygotuj si\u0119 na Wasz wymarzony wyjazd w g\u00f3ry.\" \/>\n<meta name=\"robots\" content=\"index, follow, max-snippet:-1, max-image-preview:large, max-video-preview:-1\" \/>\n<link rel=\"canonical\" href=\"https:\/\/www.novakidschool.com\/pl\/blog\/wakacje-z-dzieckiem-w-gorach\/\" \/>\n<meta property=\"og:locale\" content=\"pl_PL\" \/>\n<meta property=\"og:type\" content=\"article\" \/>\n<meta property=\"og:title\" content=\"Wakacje z dzieckiem w g\u00f3rach. Gdzie warto si\u0119 wybra\u0107?\" \/>\n<meta property=\"og:description\" content=\"Planujesz wakacje z dzieckiem w g\u00f3rach? Sprawd\u017a list\u0119 szlak\u00f3w g\u00f3rskich przyjaznych dzieciom. Przygotuj si\u0119 na Wasz wymarzony wyjazd w g\u00f3ry.\" \/>\n<meta property=\"og:url\" content=\"https:\/\/www.novakidschool.com\/pl\/blog\/wakacje-z-dzieckiem-w-gorach\/\" \/>\n<meta property=\"og:site_name\" content=\"Novakid\" \/>\n<meta property=\"article:published_time\" content=\"2024-04-24T15:29:12+00:00\" \/>\n<meta property=\"article:modified_time\" content=\"2024-04-24T15:29:13+00:00\" \/>\n<meta property=\"og:image\" content=\"https:\/\/www.novakidschool.com\/pl\/blog\/wp-content\/uploads\/2024\/04\/1024x613_How-to-hike-with-a-child.png\" \/>\n\t<meta property=\"og:image:width\" content=\"1024\" \/>\n\t<meta property=\"og:image:height\" content=\"613\" \/>\n\t<meta property=\"og:image:type\" content=\"image\/png\" \/>\n<meta name=\"author\" content=\"Klaudia Malesi\u0144ska\" \/>\n<meta name=\"twitter:card\" content=\"summary_large_image\" \/>\n<meta name=\"twitter:label1\" content=\"Napisane przez\" \/>\n\t<meta name=\"twitter:data1\" content=\"Klaudia Malesi\u0144ska\" \/>\n<!-- \/ Yoast SEO plugin. -->","yoast_head_json":{"title":"Wakacje z dzieckiem w g\u00f3rach. Gdzie warto si\u0119 wybra\u0107?","description":"Planujesz wakacje z dzieckiem w g\u00f3rach? Sprawd\u017a list\u0119 szlak\u00f3w g\u00f3rskich przyjaznych dzieciom. Przygotuj si\u0119 na Wasz wymarzony wyjazd w g\u00f3ry.","robots":{"index":"index","follow":"follow","max-snippet":"max-snippet:-1","max-image-preview":"max-image-preview:large","max-video-preview":"max-video-preview:-1"},"canonical":"https:\/\/www.novakidschool.com\/pl\/blog\/wakacje-z-dzieckiem-w-gorach\/","og_locale":"pl_PL","og_type":"article","og_title":"Wakacje z dzieckiem w g\u00f3rach. Gdzie warto si\u0119 wybra\u0107?","og_description":"Planujesz wakacje z dzieckiem w g\u00f3rach? Sprawd\u017a list\u0119 szlak\u00f3w g\u00f3rskich przyjaznych dzieciom. Przygotuj si\u0119 na Wasz wymarzony wyjazd w g\u00f3ry.","og_url":"https:\/\/www.novakidschool.com\/pl\/blog\/wakacje-z-dzieckiem-w-gorach\/","og_site_name":"Novakid","article_published_time":"2024-04-24T15:29:12+00:00","article_modified_time":"2024-04-24T15:29:13+00:00","og_image":[{"width":1024,"height":613,"url":"https:\/\/www.novakidschool.com\/pl\/blog\/wp-content\/uploads\/2024\/04\/1024x613_How-to-hike-with-a-child.png","type":"image\/png"}],"author":"Klaudia Malesi\u0144ska","twitter_card":"summary_large_image","twitter_misc":{"Napisane przez":"Klaudia Malesi\u0144ska"},"schema":{"@context":"https:\/\/schema.org","@graph":[{"@type":"Article","@id":"https:\/\/www.novakidschool.com\/pl\/blog\/wakacje-z-dzieckiem-w-gorach\/#article","isPartOf":{"@id":"https:\/\/www.novakidschool.com\/pl\/blog\/wakacje-z-dzieckiem-w-gorach\/"},"author":{"name":"Klaudia Malesi\u0144ska","@id":"https:\/\/www.novakidschool.com\/pl\/blog\/#\/schema\/person\/81c8c1d5b9c3c7aca91f87961145c0b4"},"headline":"Gdzie jecha\u0107 w g\u00f3ry z dzieckiem? Polecane kierunki na rodzinne wakacje w g\u00f3rach","datePublished":"2024-04-24T15:29:12+00:00","dateModified":"2024-04-24T15:29:13+00:00","mainEntityOfPage":{"@id":"https:\/\/www.novakidschool.com\/pl\/blog\/wakacje-z-dzieckiem-w-gorach\/"},"wordCount":15,"commentCount":0,"publisher":{"@id":"https:\/\/www.novakidschool.com\/pl\/blog\/#organization"},"image":{"@id":"https:\/\/www.novakidschool.com\/pl\/blog\/wakacje-z-dzieckiem-w-gorach\/#primaryimage"},"thumbnailUrl":"https:\/\/www.novakidschool.com\/pl\/blog\/wp-content\/uploads\/2024\/04\/1024x613_How-to-hike-with-a-child.png","articleSection":["Parenting"],"inLanguage":"pl-PL","potentialAction":[{"@type":"CommentAction","name":"Comment","target":["https:\/\/www.novakidschool.com\/pl\/blog\/wakacje-z-dzieckiem-w-gorach\/#respond"]}]},{"@type":"WebPage","@id":"https:\/\/www.novakidschool.com\/pl\/blog\/wakacje-z-dzieckiem-w-gorach\/","url":"https:\/\/www.novakidschool.com\/pl\/blog\/wakacje-z-dzieckiem-w-gorach\/","name":"Wakacje z dzieckiem w g\u00f3rach. Gdzie warto si\u0119 wybra\u0107?","isPartOf":{"@id":"https:\/\/www.novakidschool.com\/pl\/blog\/#website"},"primaryImageOfPage":{"@id":"https:\/\/www.novakidschool.com\/pl\/blog\/wakacje-z-dzieckiem-w-gorach\/#primaryimage"},"image":{"@id":"https:\/\/www.novakidschool.com\/pl\/blog\/wakacje-z-dzieckiem-w-gorach\/#primaryimage"},"thumbnailUrl":"https:\/\/www.novakidschool.com\/pl\/blog\/wp-content\/uploads\/2024\/04\/1024x613_How-to-hike-with-a-child.png","datePublished":"2024-04-24T15:29:12+00:00","dateModified":"2024-04-24T15:29:13+00:00","description":"Planujesz wakacje z dzieckiem w g\u00f3rach? Sprawd\u017a list\u0119 szlak\u00f3w g\u00f3rskich przyjaznych dzieciom. Przygotuj si\u0119 na Wasz wymarzony wyjazd w g\u00f3ry.","breadcrumb":{"@id":"https:\/\/www.novakidschool.com\/pl\/blog\/wakacje-z-dzieckiem-w-gorach\/#breadcrumb"},"inLanguage":"pl-PL","potentialAction":[{"@type":"ReadAction","target":["https:\/\/www.novakidschool.com\/pl\/blog\/wakacje-z-dzieckiem-w-gorach\/"]}]},{"@type":"ImageObject","inLanguage":"pl-PL","@id":"https:\/\/www.novakidschool.com\/pl\/blog\/wakacje-z-dzieckiem-w-gorach\/#primaryimage","url":"https:\/\/www.novakidschool.com\/pl\/blog\/wp-content\/uploads\/2024\/04\/1024x613_How-to-hike-with-a-child.png","contentUrl":"https:\/\/www.novakidschool.com\/pl\/blog\/wp-content\/uploads\/2024\/04\/1024x613_How-to-hike-with-a-child.png","width":1024,"height":613},{"@type":"BreadcrumbList","@id":"https:\/\/www.novakidschool.com\/pl\/blog\/wakacje-z-dzieckiem-w-gorach\/#breadcrumb","itemListElement":[{"@type":"ListItem","position":1,"name":"Home","item":"https:\/\/www.novakid.pl\/blog\/"},{"@type":"ListItem","position":2,"name":"Gdzie jecha\u0107 w g\u00f3ry z dzieckiem? Polecane kierunki na rodzinne wakacje w g\u00f3rach"}]},{"@type":"WebSite","@id":"https:\/\/www.novakidschool.com\/pl\/blog\/#website","url":"https:\/\/www.novakidschool.com\/pl\/blog\/","name":"Novakid","description":"Novakid blog","publisher":{"@id":"https:\/\/www.novakidschool.com\/pl\/blog\/#organization"},"potentialAction":[{"@type":"SearchAction","target":{"@type":"EntryPoint","urlTemplate":"https:\/\/www.novakidschool.com\/pl\/blog\/?s={search_term_string}"},"query-input":{"@type":"PropertyValueSpecification","valueRequired":true,"valueName":"search_term_string"}}],"inLanguage":"pl-PL"},{"@type":"Organization","@id":"https:\/\/www.novakidschool.com\/pl\/blog\/#organization","name":"Novakid","url":"https:\/\/www.novakidschool.com\/pl\/blog\/","logo":{"@type":"ImageObject","inLanguage":"pl-PL","@id":"https:\/\/www.novakidschool.com\/pl\/blog\/#\/schema\/logo\/image\/","url":"https:\/\/www.novakidschool.com\/pl\/blog\/wp-content\/uploads\/2022\/03\/logo-novakid.svg","contentUrl":"https:\/\/www.novakidschool.com\/pl\/blog\/wp-content\/uploads\/2022\/03\/logo-novakid.svg","width":268,"height":71,"caption":"Novakid"},"image":{"@id":"https:\/\/www.novakidschool.com\/pl\/blog\/#\/schema\/logo\/image\/"}},{"@type":"Person","@id":"https:\/\/www.novakidschool.com\/pl\/blog\/#\/schema\/person\/81c8c1d5b9c3c7aca91f87961145c0b4","name":"Klaudia Malesi\u0144ska","sameAs":["https:\/\/www.linkedin.com\/in\/klaudia-malesiska-706519152\/"],"url":"https:\/\/www.novakidschool.com\/pl\/blog\/authors\/klaudia\/"}]}},"_links":{"self":[{"href":"https:\/\/www.novakidschool.com\/pl\/blog\/wp-json\/wp\/v2\/posts\/10659","targetHints":{"allow":["GET"]}}],"collection":[{"href":"https:\/\/www.novakidschool.com\/pl\/blog\/wp-json\/wp\/v2\/posts"}],"about":[{"href":"https:\/\/www.novakidschool.com\/pl\/blog\/wp-json\/wp\/v2\/types\/post"}],"author":[{"embeddable":true,"href":"https:\/\/www.novakidschool.com\/pl\/blog\/wp-json\/wp\/v2\/users\/8"}],"replies":[{"embeddable":true,"href":"https:\/\/www.novakidschool.com\/pl\/blog\/wp-json\/wp\/v2\/comments?post=10659"}],"version-history":[{"count":2,"href":"https:\/\/www.novakidschool.com\/pl\/blog\/wp-json\/wp\/v2\/posts\/10659\/revisions"}],"predecessor-version":[{"id":10665,"href":"https:\/\/www.novakidschool.com\/pl\/blog\/wp-json\/wp\/v2\/posts\/10659\/revisions\/10665"}],"wp:featuredmedia":[{"embeddable":true,"href":"https:\/\/www.novakidschool.com\/pl\/blog\/wp-json\/wp\/v2\/media\/10660"}],"wp:attachment":[{"href":"https:\/\/www.novakidschool.com\/pl\/blog\/wp-json\/wp\/v2\/media?parent=10659"}],"wp:term":[{"taxonomy":"category","embeddable":true,"href":"https:\/\/www.novakidschool.com\/pl\/blog\/wp-json\/wp\/v2\/categories?post=10659"},{"taxonomy":"post_tag","embeddable":true,"href":"https:\/\/www.novakidschool.com\/pl\/blog\/wp-json\/wp\/v2\/tags?post=10659"}],"curies":[{"name":"wp","href":"https:\/\/api.w.org\/{rel}","templated":true}]}}