{"id":5755,"date":"2025-03-27T16:49:26","date_gmt":"2025-03-27T15:49:26","guid":{"rendered":"https:\/\/www.novakidschool.com\/es\/blog\/?p=5755"},"modified":"2025-08-14T08:41:59","modified_gmt":"2025-08-14T07:41:59","slug":"la-historia-del-dia-del-trabajador","status":"publish","type":"post","link":"https:\/\/www.novakidschool.com\/es\/blog\/la-historia-del-dia-del-trabajador\/","title":{"rendered":"La historia del D\u00eda del Trabajador contada para ni\u00f1os\u00a0"},"content":{"rendered":"  <section class=\"section blogHeader\" id=\"blogHeader-block_bcdc079242a98080d93237178716ca6e\">\n      <div class=\"blogHeader__wrapper\">\n                              <div class=\"blogHeader__image\">\n              <a href=\"https:\/\/www.novakidschool.com\/es\/blog\/wp-content\/uploads\/2025\/03\/1024x613_How-to-explain-to-a-child-what-photosynthesis-is_.png\" class=\"glightbox\">\n                <img decoding=\"async\" src=\"https:\/\/www.novakidschool.com\/es\/blog\/wp-content\/uploads\/2025\/03\/1024x613_How-to-explain-to-a-child-what-photosynthesis-is_.png\" alt=\"La historia del D\u00eda del Trabajador contada para ni\u00f1os\u00a0\" class=\"blogHeader__imageItem\" srcset=\"https:\/\/www.novakidschool.com\/es\/blog\/wp-content\/uploads\/2025\/03\/1024x613_How-to-explain-to-a-child-what-photosynthesis-is_-300x180.png 300w, https:\/\/www.novakidschool.com\/es\/blog\/wp-content\/uploads\/2025\/03\/1024x613_How-to-explain-to-a-child-what-photosynthesis-is_-768x460.png 768w, https:\/\/www.novakidschool.com\/es\/blog\/wp-content\/uploads\/2025\/03\/1024x613_How-to-explain-to-a-child-what-photosynthesis-is_.png 1024w\" style=\"width:100%; aspect-ratio:1024\/613;\"> \n              <\/a>\n          <\/div>\n          \n      <\/div>\n  <\/section>\n\n      <section class=\"blogContentTable\" data-toc-section>\n        <input type=\"checkbox\" id=\"blogTocToggle\" class=\"blogContentTable__toggle\" \/>\n        <label for=\"blogTocToggle\" class=\"blogContentTable__header\">\n            <span class=\"blogContentTable__heading\">\n                Tabla de contenido            <\/span>\n            <span class=\"blogContentTable__arrow\"><\/span>\n        <\/label>\n        <div class=\"blogContentTable__wrapper\">\n            <div class=\"blogContentTable__heading blogContentTable__heading--sidebar\">\n                Tabla de contenido            <\/div>\n            <ol class=\"blogContentTable__list\">\n                                    <li>\n                        <span class=\"toc-item\">Puntos Clave<\/span>\n                    <\/li>\n                                    <li>\n                        <span class=\"toc-item\">\u00bfQu\u00e9 es el D\u00eda del Trabajador?<\/span>\n                    <\/li>\n                                    <li>\n                        <span class=\"toc-item\">La jornada laboral de ocho horas<\/span>\n                    <\/li>\n                                    <li>\n                        <span class=\"toc-item\">Celebraci\u00f3n del D\u00eda del Trabajador en M\u00e9xico<\/span>\n                    <\/li>\n                                    <li>\n                        <span class=\"toc-item\">Conciertos, lirios y picnics para celebrar este D\u00eda<\/span>\n                    <\/li>\n                                    <li>\n                        <span class=\"toc-item\">Actividades para hacer con ni\u00f1os en el D\u00eda del Trabajador<\/span>\n                    <\/li>\n                                    <li>\n                        <span class=\"toc-item\">\u00bfC\u00f3mo explicar a los ni\u00f1os el significado de este D\u00eda?<\/span>\n                    <\/li>\n                            <\/ol>\n        <\/div>\n    <\/section>\n\n    <script>\n        \/\/ Use DOMContentLoaded for faster TOC initialization\n        document.addEventListener('DOMContentLoaded', () => {\n            const tocSection = document.querySelector('[data-toc-section]');\n            if (!tocSection) return;\n\n            const headings = document.querySelectorAll('.blogHeadingText');\n            const tableContainer = tocSection.querySelector('.blogContentTable__list');\n            if (!tableContainer) return;\n\n            \/\/ Clear the container\n            tableContainer.innerHTML = '';\n\n            \/\/ Count valid headings with h2\n            let validHeadingsCount = 0;\n\n            \/\/ For each heading, create an item in the table of contents\n            headings.forEach((heading, index) => {\n                const h2 = heading.querySelector('h2');\n                if (!h2) return;\n\n                validHeadingsCount++;\n                const title = h2.textContent.trim();\n                const itemHtml = `<li><a href=\"#${heading.id}\">${title}<\/a><\/li>`;\n                tableContainer.innerHTML += itemHtml;\n            });\n\n            \/\/ Hide TOC if no valid headings found\n            if (validHeadingsCount === 0) {\n                tocSection.style.display = 'none';\n            }\n            \n            \/\/ Dispatch custom event to notify that TOC is ready\n            document.dispatchEvent(new CustomEvent('tocReady'));\n        });\n    <\/script>\n  \n\n\n  <section class=\"section blogText\" id=\"blogText-block_813fa0d2df48356a26681206b3dd2eb3\">\n    <div class=\"blogText__wrapper\">\n        <div class=\"blogText__content\">\n            <p><span style=\"font-weight: 400;\">El 1 de mayo es un d\u00eda muy especial que celebra a todos los trabajadores del mundo. Pero, \u00bfsab\u00edas que tiene una historia muy interesante? Aunque a veces solo lo asociamos con un d\u00eda libre o con descuentos especiales, el <\/span><b>D\u00eda del Trabajador<\/b><span style=\"font-weight: 400;\"> tiene un significado profundo. En este art\u00edculo de <\/span><a href=\"https:\/\/www.novakidschool.com\/es\/\"><span style=\"font-weight: 400;\">Novakid<\/span><\/a><span style=\"font-weight: 400;\">, te contaremos la historia detr\u00e1s de esta fecha, por qu\u00e9 es importante y c\u00f3mo podemos ense\u00f1ar a los ni\u00f1os el valor del trabajo y la justicia laboral. \u00a1Prep\u00e1rate para aprender de una manera divertida y educativa!<\/span><\/p>\n        <\/div>\n    <\/div>\n  <\/section>\n\n\n  <section class=\"section blogHeadingText\" id=\"blogHeadingText-block_b3c8502a53e3f42becd9c42300c4e806\">\n    <div class=\"blogHeadingText__wrapper\" >\n        <div class=\"blogHeadingText__heading\">\n            <h2 class=\"blogHeadingText__headingItem\" data-blog-heading data-section-id=\"blogHeadingText-block_b3c8502a53e3f42becd9c42300c4e806\">\n                Puntos Clave            <\/h2>\n        <\/div>\n        <div class=\"blogHeadingText__content\">\n            <ul>\n<li style=\"font-weight: 400;\" aria-level=\"1\"><span style=\"font-weight: 400;\">El D\u00eda del Trabajador, celebrado el 1 de mayo, conmemora los derechos y logros de la clase obrera, destacando la lucha por condiciones laborales justas.<\/span><\/li>\n<li style=\"font-weight: 400;\" aria-level=\"1\"><span style=\"font-weight: 400;\">La jornada laboral de ocho horas, uno de los principales logros del movimiento obrero, se estableci\u00f3 como resultado de luchas hist\u00f3ricas por mejores condiciones de trabajo.<\/span><\/li>\n<li style=\"font-weight: 400;\" aria-level=\"1\"><span style=\"font-weight: 400;\">Las celebraciones del D\u00eda del Trabajador var\u00edan en todo el mundo, incluyendo desfiles y actividades que resaltan la unidad y la lucha continua por los derechos laborales.<\/span><\/li>\n<\/ul>\n        <\/div>\n    <\/div>\n  <\/section>\n\n\n  <section class=\"section blogImage\" id=\"blogImage-block_854609433b29ca7c00a6c2616f00e7b8\">\n    <div class=\"blogImage__wrapper\" >\n        <div class=\"blogImage__image\">\n            <a href=\"https:\/\/www.novakidschool.com\/es\/blog\/wp-content\/uploads\/2025\/03\/Imagen-representativa-del-Dia-del-Trabajador.png\" class=\"glightbox\">\n                <img decoding=\"async\" src=\"https:\/\/www.novakidschool.com\/es\/blog\/wp-content\/uploads\/2025\/03\/Imagen-representativa-del-Dia-del-Trabajador.png\" alt=\"Imagen representativa del Di\u0301a del Trabajador\" class=\"blogImage__imageItem blogImage__imageItem--noCrop\" srcset=\"https:\/\/www.novakidschool.com\/es\/blog\/wp-content\/uploads\/2025\/03\/Imagen-representativa-del-Dia-del-Trabajador-300x171.png 300w, https:\/\/www.novakidschool.com\/es\/blog\/wp-content\/uploads\/2025\/03\/Imagen-representativa-del-Dia-del-Trabajador-1024x585.png 1024w, https:\/\/www.novakidschool.com\/es\/blog\/wp-content\/uploads\/2025\/03\/Imagen-representativa-del-Dia-del-Trabajador-768x439.png 768w, https:\/\/www.novakidschool.com\/es\/blog\/wp-content\/uploads\/2025\/03\/Imagen-representativa-del-Dia-del-Trabajador-1080x617.png 1080w, https:\/\/www.novakidschool.com\/es\/blog\/wp-content\/uploads\/2025\/03\/Imagen-representativa-del-Dia-del-Trabajador.png 1344w\" >\n                <div class=\"glightbox__zoom\">\n                    <img decoding=\"async\" src=\"https:\/\/www.novakidschool.com\/es\/blog\/wp-content\/themes\/novakid\/public\/img\/icons\/search.svg\" alt=\"Zoom icon\" class=\"style-svg\">\n                <\/div>\n            <\/a>\n        <\/div>\n            <\/div>\n  <\/section>\n\n\n  <section class=\"section blogHeadingText\" id=\"blogHeadingText-block_2d6e036328e06d5d9599163108c8f278\">\n    <div class=\"blogHeadingText__wrapper\" >\n        <div class=\"blogHeadingText__heading\">\n            <h2 class=\"blogHeadingText__headingItem\" data-blog-heading data-section-id=\"blogHeadingText-block_2d6e036328e06d5d9599163108c8f278\">\n                \u00bfQu\u00e9 es el D\u00eda del Trabajador?            <\/h2>\n        <\/div>\n        <div class=\"blogHeadingText__content\">\n            <p><span style=\"font-weight: 400;\">El <\/span><b>1 de mayo<\/b><span style=\"font-weight: 400;\"> es el <\/span><b>D\u00eda del Trabajador<\/b><span style=\"font-weight: 400;\">, una fecha que se celebra en muchos pa\u00edses alrededor del mundo para honrar a los trabajadores y reconocer su esfuerzo en la construcci\u00f3n de una sociedad m\u00e1s justa. Esta fecha tiene sus ra\u00edces en los movimientos laborales que lucharon por mejores condiciones de trabajo, jornadas laborales m\u00e1s cortas y<\/span>\u00a0<a href=\"https:\/\/www.novakidschool.com\/es\/blog\/mejores-carreras-para-los-ninos\/\"><span style=\"font-weight: 400;\">derechos fundamentales para los obreros.<\/span><\/a><\/p>\n<p><span style=\"font-weight: 400;\">La historia del D\u00eda del Trabajador se remonta a <\/span><b>1886<\/b><span style=\"font-weight: 400;\">, cuando miles de trabajadores en Chicago, Estados Unidos, se manifestaron exigiendo una jornada laboral de <\/span><b>8 horas<\/b><span style=\"font-weight: 400;\">. La protesta se torn\u00f3 violenta, y varios trabajadores y polic\u00edas perdieron la vida.\u00a0<\/span><\/p>\n<p><span style=\"font-weight: 400;\">La brutal represi\u00f3n y los sacrificios de estos trabajadores llevaron a que se estableciera el 1 de mayo como un d\u00eda de homenaje y conmemoraci\u00f3n a los conocidos como los m\u00e1rtires de Chicago. La conmemoraci\u00f3n del 1 de mayo tambi\u00e9n busca visibilizar los logros alcanzados en derechos laborales a lo largo del tiempo y sirve como plataforma para que los trabajadores expresen sus demandas y aspiraciones.<\/span><\/p>\n<p><span style=\"font-weight: 400;\">\u00a0Es un d\u00eda para reflexionar sobre el pasado, celebrar el presente y luchar por un futuro mejor para todos los trabajadores.<\/span><\/p>\n        <\/div>\n    <\/div>\n  <\/section>\n\n\n  <section class=\"section blogImage\" id=\"blogImage-block_cfdad5cfe3b014a71226d929275e457f\">\n    <div class=\"blogImage__wrapper\" >\n        <div class=\"blogImage__image\">\n            <a href=\"https:\/\/www.novakidschool.com\/es\/blog\/wp-content\/uploads\/2025\/03\/Una-imagen-que-representa-la-jornada-laboral-de-8-horas-e1743090239154.png\" class=\"glightbox\">\n                <img decoding=\"async\" src=\"https:\/\/www.novakidschool.com\/es\/blog\/wp-content\/uploads\/2025\/03\/Una-imagen-que-representa-la-jornada-laboral-de-8-horas-e1743090239154.png\" alt=\"Una imagen que representa la jornada laboral de 8 horas\" class=\"blogImage__imageItem blogImage__imageItem--noCrop\" srcset=\"https:\/\/www.novakidschool.com\/es\/blog\/wp-content\/uploads\/2025\/03\/Una-imagen-que-representa-la-jornada-laboral-de-8-horas-e1743090239154-300x285.png 300w, https:\/\/www.novakidschool.com\/es\/blog\/wp-content\/uploads\/2025\/03\/Una-imagen-que-representa-la-jornada-laboral-de-8-horas-e1743090239154.png 685w\" >\n                <div class=\"glightbox__zoom\">\n                    <img decoding=\"async\" src=\"https:\/\/www.novakidschool.com\/es\/blog\/wp-content\/themes\/novakid\/public\/img\/icons\/search.svg\" alt=\"Zoom icon\" class=\"style-svg\">\n                <\/div>\n            <\/a>\n        <\/div>\n            <\/div>\n  <\/section>\n\n\n  <section class=\"section blogHeadingText\" id=\"blogHeadingText-block_165100b4f59758e208013318e71e3fe3\">\n    <div class=\"blogHeadingText__wrapper\" >\n        <div class=\"blogHeadingText__heading\">\n            <h2 class=\"blogHeadingText__headingItem\" data-blog-heading data-section-id=\"blogHeadingText-block_165100b4f59758e208013318e71e3fe3\">\n                La jornada laboral de ocho horas            <\/h2>\n        <\/div>\n        <div class=\"blogHeadingText__content\">\n            <p><span style=\"font-weight: 400;\">La <\/span><b>jornada laboral de ocho horas<\/b><span style=\"font-weight: 400;\"> es uno de los logros m\u00e1s importantes que se celebran el <\/span><b>1 de mayo<\/b><span style=\"font-weight: 400;\">, y su historia est\u00e1 directamente relacionada con la lucha de los trabajadores por mejores condiciones laborales. Antes de que se estableciera esta jornada de ocho horas, muchos obreros trabajaban <\/span><b>hasta 16 horas al d\u00eda<\/b><span style=\"font-weight: 400;\">, en condiciones extremadamente dif\u00edciles y con poco descanso. Esto provocaba <\/span><a href=\"https:\/\/www.novakidschool.com\/es\/blog\/desarrolla-tu-pensamiento-critico\/\"><span style=\"font-weight: 400;\">agotamiento f\u00edsico, estr\u00e9s<\/span><\/a><span style=\"font-weight: 400;\"> y una baja calidad de vida para los trabajadores y sus familias.<\/span><\/p>\n<p><span style=\"font-weight: 400;\">A finales de mayo de 1886, la jornada laboral de ocho horas se logr\u00f3 para varios centenares de miles de obreros, marcando un hito en la lucha laboral. En Estados Unidos, la aprobaci\u00f3n de la Ley de las Ocho Horas el 1 de mayo de 1890 represent\u00f3 un avance significativo para los derechos laborales.<\/span><\/p>\n<p><span style=\"font-weight: 400;\">La jornada laboral de ocho horas se implement\u00f3 por primera vez de manera significativa en <\/span><b>Reino Unido<\/b><span style=\"font-weight: 400;\"> y <\/span><b>Estados Unidos<\/b><span style=\"font-weight: 400;\"> durante el siglo XIX.. Sin embargo, el movimiento por una jornada laboral m\u00e1s corta no se limit\u00f3 a estos dos pa\u00edses, sino que se extendi\u00f3 a nivel mundial, influenciando a muchos otros pa\u00edses.<\/span><\/p>\n        <\/div>\n    <\/div>\n  <\/section>\n\n\n  <section class=\"section blogHeadingText\" id=\"blogHeadingText-block_6c8ea5586a9569ebce80dae5a77fea1a\">\n    <div class=\"blogHeadingText__wrapper\" >\n        <div class=\"blogHeadingText__heading\">\n            <h2 class=\"blogHeadingText__headingItem\" data-blog-heading data-section-id=\"blogHeadingText-block_6c8ea5586a9569ebce80dae5a77fea1a\">\n                Celebraci\u00f3n del D\u00eda del Trabajador en M\u00e9xico            <\/h2>\n        <\/div>\n        <div class=\"blogHeadingText__content\">\n            <p><span style=\"font-weight: 400;\">Uno de los aspectos m\u00e1s visibles de las celebraciones del D\u00eda del Trabajo en M\u00e9xico son los desfiles y marchas. En muchas ciudades del pa\u00eds, especialmente en la Ciudad de M\u00e9xico, los sindicatos y organizaciones laborales se organizan para realizar marchas en las que los trabajadores salen a las calles con pancartas, consignas y banderas para exigir mejoras en las condiciones laborales y recordar las luchas hist\u00f3ricas de los obreros.<\/span><\/p>\n<p><a href=\"https:\/\/www.novakidschool.com\/es\/blog\/mejores-museos-ninos-cdmx\/\"><span style=\"font-weight: 400;\">En la Ciudad de M\u00e9xico,<\/span><\/a><span style=\"font-weight: 400;\"> por ejemplo, se realiza un desfile multitudinario encabezado por el presidente de la Rep\u00fablica, quien, junto con los representantes sindicales y trabajadores, recorre las principales avenidas del centro de la ciudad. Esta marcha tiene como objetivo exigir mejoras en los derechos laborales y visibilizar las condiciones de los trabajadores en diversas industrias<\/span><\/p>\n<p><span style=\"font-weight: 400;\">Adem\u00e1s de los desfiles, en M\u00e9xico se celebran varios actos conmemorativos, donde l\u00edderes sindicales, representantes del gobierno y de organizaciones de derechos humanos, ofrecen discursos sobre la importancia de continuar luchando por los derechos de los trabajadores.<\/span><\/p>\n        <\/div>\n    <\/div>\n  <\/section>\n\n\n  <section class=\"section blogImage\" id=\"blogImage-block_99e2c9453118167fd0f41b4b7cbcae63\">\n    <div class=\"blogImage__wrapper\" >\n        <div class=\"blogImage__image\">\n            <a href=\"https:\/\/www.novakidschool.com\/es\/blog\/wp-content\/uploads\/2025\/03\/Flor-que-se-entrega-en-Francia-por-el-Dia-del-Trabajado-el-Muguet-e1743090274866.png\" class=\"glightbox\">\n                <img decoding=\"async\" src=\"https:\/\/www.novakidschool.com\/es\/blog\/wp-content\/uploads\/2025\/03\/Flor-que-se-entrega-en-Francia-por-el-Dia-del-Trabajado-el-Muguet-e1743090274866.png\" alt=\"Flor que se entrega en Francia por el Di\u0301a del Trabajado, el Muguet\" class=\"blogImage__imageItem blogImage__imageItem--noCrop\" srcset=\"https:\/\/www.novakidschool.com\/es\/blog\/wp-content\/uploads\/2025\/03\/Flor-que-se-entrega-en-Francia-por-el-Dia-del-Trabajado-el-Muguet-e1743090274866-300x262.png 300w, https:\/\/www.novakidschool.com\/es\/blog\/wp-content\/uploads\/2025\/03\/Flor-que-se-entrega-en-Francia-por-el-Dia-del-Trabajado-el-Muguet-e1743090274866.png 681w\" >\n                <div class=\"glightbox__zoom\">\n                    <img decoding=\"async\" src=\"https:\/\/www.novakidschool.com\/es\/blog\/wp-content\/themes\/novakid\/public\/img\/icons\/search.svg\" alt=\"Zoom icon\" class=\"style-svg\">\n                <\/div>\n            <\/a>\n        <\/div>\n            <\/div>\n  <\/section>\n\n\n  <section class=\"section blogHeadingText\" id=\"blogHeadingText-block_4278f4778b8e91189d67f4eb3066766d\">\n    <div class=\"blogHeadingText__wrapper\" >\n        <div class=\"blogHeadingText__heading\">\n            <h2 class=\"blogHeadingText__headingItem\" data-blog-heading data-section-id=\"blogHeadingText-block_4278f4778b8e91189d67f4eb3066766d\">\n                Conciertos, lirios y picnics para celebrar este D\u00eda            <\/h2>\n        <\/div>\n        <div class=\"blogHeadingText__content\">\n            <p><span style=\"font-weight: 400;\">En Francia, por ejemplo, el 1 de mayo se celebra junto con el \u2018D\u00eda del Muguet\u2019, donde las personas regalan lirios de los valles para desear suerte y cari\u00f1o a sus seres queridos. En Italia, se honra el D\u00eda del Trabajador con un gran concierto en Roma, que atrae a miles de personas y presenta a destacados artistas. Esta tradici\u00f3n se celebra desde 1990 y es una de las m\u00e1s populares en el pa\u00eds.<\/span><\/p>\n<p><span style=\"font-weight: 400;\">En Alemania, el \u2018Tag der Arbeit\u2019 se celebra con picnics en parques y, en Baviera, con la tradici\u00f3n de colocar un \u2018Maibaum\u2019, un \u00e1rbol decorado que simboliza la llegada de la primavera.<\/span><\/p>\n<p><span style=\"font-weight: 400;\">Rusia tambi\u00e9n celebra el D\u00eda del Trabajador con manifestaciones que incluyen pancartas ir\u00f3nicas y eventos culturales, adem\u00e1s de festividades que marcan la llegada de la primavera. Estos ejemplos demuestran c\u00f3mo cada pa\u00eds tiene sus propias tradiciones y formas de conmemorar este importante d\u00eda.<\/span><\/p>\n        <\/div>\n    <\/div>\n  <\/section>\n\n\n  <section class=\"section blogHeadingText\" id=\"blogHeadingText-block_830bbd366de1527e4c226e0317c98e3f\">\n    <div class=\"blogHeadingText__wrapper\" >\n        <div class=\"blogHeadingText__heading\">\n            <h2 class=\"blogHeadingText__headingItem\" data-blog-heading data-section-id=\"blogHeadingText-block_830bbd366de1527e4c226e0317c98e3f\">\n                Actividades para hacer con ni\u00f1os en el D\u00eda del Trabajador            <\/h2>\n        <\/div>\n        <div class=\"blogHeadingText__content\">\n            <p><span style=\"font-weight: 400;\">El D\u00eda del Trabajador es una excelente oportunidad para ense\u00f1ar a los ni\u00f1os sobre la importancia del trabajo y los derechos laborales de una <\/span><a href=\"https:\/\/www.novakidschool.com\/es\/blog\/manualidades-animales-papel-ninos\/\"><span style=\"font-weight: 400;\">manera divertida y educativa<\/span><\/a><span style=\"font-weight: 400;\">. Una actividad interesante es organizar un taller de manualidades donde los ni\u00f1os creen carteles y pancartas sobre el trabajo y sus significados.<\/span><\/p>\n<p><span style=\"font-weight: 400;\">Otra idea es iniciar un concurso de dibujo donde los ni\u00f1os representen sus trabajos ideales. Esto no solo les ayudar\u00e1 a pensar en el futuro, sino tambi\u00e9n a valorar las diferentes profesiones y oficios. Los juegos de roles tambi\u00e9n son una excelente manera de que los ni\u00f1os aprendan sobre diferentes profesiones, representando a trabajadores de diversas \u00e1reas.<\/span><\/p>\n        <\/div>\n    <\/div>\n  <\/section>\n\n\n  <section class=\"section blogImage\" id=\"blogImage-block_b11029fe905be71be2190289d387d4b8\">\n    <div class=\"blogImage__wrapper\" >\n        <div class=\"blogImage__image\">\n            <a href=\"https:\/\/www.novakidschool.com\/es\/blog\/wp-content\/uploads\/2025\/03\/Una-ilustracion-que-representa-varias-profesiones.png\" class=\"glightbox\">\n                <img decoding=\"async\" src=\"https:\/\/www.novakidschool.com\/es\/blog\/wp-content\/uploads\/2025\/03\/Una-ilustracion-que-representa-varias-profesiones.png\" alt=\"Una ilustraci\u00f3n que representa varias profesiones\" class=\"blogImage__imageItem blogImage__imageItem--noCrop\" srcset=\"https:\/\/www.novakidschool.com\/es\/blog\/wp-content\/uploads\/2025\/03\/Una-ilustracion-que-representa-varias-profesiones-300x171.png 300w, https:\/\/www.novakidschool.com\/es\/blog\/wp-content\/uploads\/2025\/03\/Una-ilustracion-que-representa-varias-profesiones-1024x585.png 1024w, https:\/\/www.novakidschool.com\/es\/blog\/wp-content\/uploads\/2025\/03\/Una-ilustracion-que-representa-varias-profesiones-768x439.png 768w, https:\/\/www.novakidschool.com\/es\/blog\/wp-content\/uploads\/2025\/03\/Una-ilustracion-que-representa-varias-profesiones-1080x617.png 1080w, https:\/\/www.novakidschool.com\/es\/blog\/wp-content\/uploads\/2025\/03\/Una-ilustracion-que-representa-varias-profesiones.png 1344w\" >\n                <div class=\"glightbox__zoom\">\n                    <img decoding=\"async\" src=\"https:\/\/www.novakidschool.com\/es\/blog\/wp-content\/themes\/novakid\/public\/img\/icons\/search.svg\" alt=\"Zoom icon\" class=\"style-svg\">\n                <\/div>\n            <\/a>\n        <\/div>\n            <\/div>\n  <\/section>\n\n\n  <section class=\"section blogHeadingText\" id=\"blogHeadingText-block_59d43800087e92d6126ff9f0fc26ebad\">\n    <div class=\"blogHeadingText__wrapper\" >\n        <div class=\"blogHeadingText__heading\">\n            <h2 class=\"blogHeadingText__headingItem\" data-blog-heading data-section-id=\"blogHeadingText-block_59d43800087e92d6126ff9f0fc26ebad\">\n                \u00bfC\u00f3mo explicar a los ni\u00f1os el significado de este D\u00eda?            <\/h2>\n        <\/div>\n        <div class=\"blogHeadingText__content\">\n            <p><span style=\"font-weight: 400;\">Explicar el D\u00eda del Trabajador a los ni\u00f1os puede parecer un desaf\u00edo, pero con ejemplos claros y actividades creativas, puede ser una tarea muy gratificante. Una buena manera de empezar es hablar sobre personas que trabajan en su entorno cercano, como amigos o familiares. Esto les permitir\u00e1 relacionar conceptos abstractos con personas que conocen y admiran.<\/span><\/p>\n<p><span style=\"font-weight: 400;\">Otra estrategia es utilizar libros o pel\u00edculas que aborden el tema del trabajo y la importancia de los derechos laborales u organizar actividades creativas como dibujos o manualidades. Explicar c\u00f3mo los trabajadores se unieron para luchar por sus derechos puede inspirar a los ni\u00f1os a valorar el esfuerzo colectivo y la importancia de apoyar a los dem\u00e1s.<\/span><\/p>\n<p><span style=\"font-weight: 400;\">Es fundamental ense\u00f1ar a las nuevas generaciones la importancia de este d\u00eda y c\u00f3mo pueden contribuir a un futuro mejor para todos. Celebrar el D\u00eda del Trabajador con actividades educativas y creativas puede ser una excelente manera de inculcar estos valores en los ni\u00f1os, \u00a1<\/span><a href=\"https:\/\/www.novakidschool.com\/es\/blog\/\"><span style=\"font-weight: 400;\">lee las entradas del blog<\/span><\/a><span style=\"font-weight: 400;\"> y descubre la mejor forma de hacerlo!<\/span><\/p>\n        <\/div>\n    <\/div>\n  <\/section>\n","protected":false},"excerpt":{"rendered":"<p>Conoce la historia y el significado del 1 de mayo, D\u00eda del Trabajador, explicado de manera sencilla para ni\u00f1os. Aprende sobre este d\u00eda importante de forma divertida y educativa.<\/p>\n","protected":false},"author":1,"featured_media":5756,"comment_status":"open","ping_status":"open","sticky":false,"template":"","format":"standard","meta":{"_acf_changed":false,"inline_featured_image":false,"footnotes":""},"categories":[39],"tags":[],"class_list":["post-5755","post","type-post","status-publish","format-standard","has-post-thumbnail","hentry","category-educacion"],"acf":[],"yoast_head":"<!-- This site is optimized with the Yoast SEO plugin v27.4 - https:\/\/yoast.com\/product\/yoast-seo-wordpress\/ -->\n<title>La historia del D\u00eda del trabajador contada para ni\u00f1os<\/title>\n<meta name=\"description\" content=\"Conoce la historia y el significado del 1 de mayo, D\u00eda del Trabajador, explicado de manera sencilla para ni\u00f1os. Aprende sobre este d\u00eda importante de forma divertida y educativa.\" \/>\n<meta name=\"robots\" content=\"index, follow, max-snippet:-1, max-image-preview:large, max-video-preview:-1\" \/>\n<link rel=\"canonical\" href=\"https:\/\/www.novakidschool.com\/es\/blog\/la-historia-del-dia-del-trabajador\/\" \/>\n<meta property=\"og:locale\" content=\"es_ES\" \/>\n<meta property=\"og:type\" content=\"article\" \/>\n<meta property=\"og:title\" content=\"La historia del D\u00eda del trabajador contada para ni\u00f1os\" \/>\n<meta property=\"og:description\" content=\"Conoce la historia y el significado del 1 de mayo, D\u00eda del Trabajador, explicado de manera sencilla para ni\u00f1os. Aprende sobre este d\u00eda importante de forma divertida y educativa.\" \/>\n<meta property=\"og:url\" content=\"https:\/\/www.novakidschool.com\/es\/blog\/la-historia-del-dia-del-trabajador\/\" \/>\n<meta property=\"og:site_name\" content=\"Novakid\" \/>\n<meta property=\"article:published_time\" content=\"2025-03-27T15:49:26+00:00\" \/>\n<meta property=\"article:modified_time\" content=\"2025-08-14T07:41:59+00:00\" \/>\n<meta property=\"og:image\" content=\"https:\/\/www.novakidschool.com\/es\/blog\/wp-content\/uploads\/2025\/03\/1024x613_How-to-explain-to-a-child-what-photosynthesis-is_.png\" \/>\n\t<meta property=\"og:image:width\" content=\"1024\" \/>\n\t<meta property=\"og:image:height\" content=\"613\" \/>\n\t<meta property=\"og:image:type\" content=\"image\/png\" \/>\n<meta name=\"author\" content=\"Novakid\" \/>\n<meta name=\"twitter:card\" content=\"summary_large_image\" \/>\n<meta name=\"twitter:label1\" content=\"Escrito por\" \/>\n\t<meta name=\"twitter:data1\" content=\"Novakid\" \/>\n\t<meta name=\"twitter:label2\" content=\"Tiempo de lectura\" \/>\n\t<meta name=\"twitter:data2\" content=\"1 minuto\" \/>\n<!-- \/ Yoast SEO plugin. -->","yoast_head_json":{"title":"La historia del D\u00eda del trabajador contada para ni\u00f1os","description":"Conoce la historia y el significado del 1 de mayo, D\u00eda del Trabajador, explicado de manera sencilla para ni\u00f1os. Aprende sobre este d\u00eda importante de forma divertida y educativa.","robots":{"index":"index","follow":"follow","max-snippet":"max-snippet:-1","max-image-preview":"max-image-preview:large","max-video-preview":"max-video-preview:-1"},"canonical":"https:\/\/www.novakidschool.com\/es\/blog\/la-historia-del-dia-del-trabajador\/","og_locale":"es_ES","og_type":"article","og_title":"La historia del D\u00eda del trabajador contada para ni\u00f1os","og_description":"Conoce la historia y el significado del 1 de mayo, D\u00eda del Trabajador, explicado de manera sencilla para ni\u00f1os. Aprende sobre este d\u00eda importante de forma divertida y educativa.","og_url":"https:\/\/www.novakidschool.com\/es\/blog\/la-historia-del-dia-del-trabajador\/","og_site_name":"Novakid","article_published_time":"2025-03-27T15:49:26+00:00","article_modified_time":"2025-08-14T07:41:59+00:00","og_image":[{"width":1024,"height":613,"url":"https:\/\/www.novakidschool.com\/es\/blog\/wp-content\/uploads\/2025\/03\/1024x613_How-to-explain-to-a-child-what-photosynthesis-is_.png","type":"image\/png"}],"author":"Novakid","twitter_card":"summary_large_image","twitter_misc":{"Escrito por":"Novakid","Tiempo de lectura":"1 minuto"},"schema":{"@context":"https:\/\/schema.org","@graph":[{"@type":"Article","@id":"https:\/\/www.novakidschool.com\/es\/blog\/la-historia-del-dia-del-trabajador\/#article","isPartOf":{"@id":"https:\/\/www.novakidschool.com\/es\/blog\/la-historia-del-dia-del-trabajador\/"},"author":{"name":"Novakid","@id":"https:\/\/www.novakidschool.com\/es\/blog\/#\/schema\/person\/97c36458519ae32de5744e9a8ea02aa7"},"headline":"La historia del D\u00eda del Trabajador contada para ni\u00f1os\u00a0","datePublished":"2025-03-27T15:49:26+00:00","dateModified":"2025-08-14T07:41:59+00:00","mainEntityOfPage":{"@id":"https:\/\/www.novakidschool.com\/es\/blog\/la-historia-del-dia-del-trabajador\/"},"wordCount":11,"commentCount":0,"publisher":{"@id":"https:\/\/www.novakidschool.com\/es\/blog\/#organization"},"image":{"@id":"https:\/\/www.novakidschool.com\/es\/blog\/la-historia-del-dia-del-trabajador\/#primaryimage"},"thumbnailUrl":"https:\/\/www.novakidschool.com\/es\/blog\/wp-content\/uploads\/2025\/03\/1024x613_How-to-explain-to-a-child-what-photosynthesis-is_.png","articleSection":["Educaci\u00f3n"],"inLanguage":"es","potentialAction":[{"@type":"CommentAction","name":"Comment","target":["https:\/\/www.novakidschool.com\/es\/blog\/la-historia-del-dia-del-trabajador\/#respond"]}]},{"@type":"WebPage","@id":"https:\/\/www.novakidschool.com\/es\/blog\/la-historia-del-dia-del-trabajador\/","url":"https:\/\/www.novakidschool.com\/es\/blog\/la-historia-del-dia-del-trabajador\/","name":"La historia del D\u00eda del trabajador contada para ni\u00f1os","isPartOf":{"@id":"https:\/\/www.novakidschool.com\/es\/blog\/#website"},"primaryImageOfPage":{"@id":"https:\/\/www.novakidschool.com\/es\/blog\/la-historia-del-dia-del-trabajador\/#primaryimage"},"image":{"@id":"https:\/\/www.novakidschool.com\/es\/blog\/la-historia-del-dia-del-trabajador\/#primaryimage"},"thumbnailUrl":"https:\/\/www.novakidschool.com\/es\/blog\/wp-content\/uploads\/2025\/03\/1024x613_How-to-explain-to-a-child-what-photosynthesis-is_.png","datePublished":"2025-03-27T15:49:26+00:00","dateModified":"2025-08-14T07:41:59+00:00","description":"Conoce la historia y el significado del 1 de mayo, D\u00eda del Trabajador, explicado de manera sencilla para ni\u00f1os. Aprende sobre este d\u00eda importante de forma divertida y educativa.","breadcrumb":{"@id":"https:\/\/www.novakidschool.com\/es\/blog\/la-historia-del-dia-del-trabajador\/#breadcrumb"},"inLanguage":"es","potentialAction":[{"@type":"ReadAction","target":["https:\/\/www.novakidschool.com\/es\/blog\/la-historia-del-dia-del-trabajador\/"]}]},{"@type":"ImageObject","inLanguage":"es","@id":"https:\/\/www.novakidschool.com\/es\/blog\/la-historia-del-dia-del-trabajador\/#primaryimage","url":"https:\/\/www.novakidschool.com\/es\/blog\/wp-content\/uploads\/2025\/03\/1024x613_How-to-explain-to-a-child-what-photosynthesis-is_.png","contentUrl":"https:\/\/www.novakidschool.com\/es\/blog\/wp-content\/uploads\/2025\/03\/1024x613_How-to-explain-to-a-child-what-photosynthesis-is_.png","width":1024,"height":613},{"@type":"BreadcrumbList","@id":"https:\/\/www.novakidschool.com\/es\/blog\/la-historia-del-dia-del-trabajador\/#breadcrumb","itemListElement":[{"@type":"ListItem","position":1,"name":"Home","item":"https:\/\/www.novakidschool.com\/es\/blog\/"},{"@type":"ListItem","position":2,"name":"La historia del D\u00eda del Trabajador contada para ni\u00f1os\u00a0"}]},{"@type":"WebSite","@id":"https:\/\/www.novakidschool.com\/es\/blog\/#website","url":"https:\/\/www.novakidschool.com\/es\/blog\/","name":"Novakid","description":"Novakid blog Spain","publisher":{"@id":"https:\/\/www.novakidschool.com\/es\/blog\/#organization"},"potentialAction":[{"@type":"SearchAction","target":{"@type":"EntryPoint","urlTemplate":"https:\/\/www.novakidschool.com\/es\/blog\/?s={search_term_string}"},"query-input":{"@type":"PropertyValueSpecification","valueRequired":true,"valueName":"search_term_string"}}],"inLanguage":"es"},{"@type":"Organization","@id":"https:\/\/www.novakidschool.com\/es\/blog\/#organization","name":"Novakid","url":"https:\/\/www.novakidschool.com\/es\/blog\/","logo":{"@type":"ImageObject","inLanguage":"es","@id":"https:\/\/www.novakidschool.com\/es\/blog\/#\/schema\/logo\/image\/","url":"https:\/\/www.novakidschool.com\/es\/blog\/wp-content\/uploads\/2022\/03\/logo-novakid.svg","contentUrl":"https:\/\/www.novakidschool.com\/es\/blog\/wp-content\/uploads\/2022\/03\/logo-novakid.svg","width":268,"height":71,"caption":"Novakid"},"image":{"@id":"https:\/\/www.novakidschool.com\/es\/blog\/#\/schema\/logo\/image\/"}},{"@type":"Person","@id":"https:\/\/www.novakidschool.com\/es\/blog\/#\/schema\/person\/97c36458519ae32de5744e9a8ea02aa7","name":"Novakid"}]}},"_links":{"self":[{"href":"https:\/\/www.novakidschool.com\/es\/blog\/wp-json\/wp\/v2\/posts\/5755","targetHints":{"allow":["GET"]}}],"collection":[{"href":"https:\/\/www.novakidschool.com\/es\/blog\/wp-json\/wp\/v2\/posts"}],"about":[{"href":"https:\/\/www.novakidschool.com\/es\/blog\/wp-json\/wp\/v2\/types\/post"}],"author":[{"embeddable":true,"href":"https:\/\/www.novakidschool.com\/es\/blog\/wp-json\/wp\/v2\/users\/1"}],"replies":[{"embeddable":true,"href":"https:\/\/www.novakidschool.com\/es\/blog\/wp-json\/wp\/v2\/comments?post=5755"}],"version-history":[{"count":3,"href":"https:\/\/www.novakidschool.com\/es\/blog\/wp-json\/wp\/v2\/posts\/5755\/revisions"}],"predecessor-version":[{"id":6342,"href":"https:\/\/www.novakidschool.com\/es\/blog\/wp-json\/wp\/v2\/posts\/5755\/revisions\/6342"}],"wp:featuredmedia":[{"embeddable":true,"href":"https:\/\/www.novakidschool.com\/es\/blog\/wp-json\/wp\/v2\/media\/5756"}],"wp:attachment":[{"href":"https:\/\/www.novakidschool.com\/es\/blog\/wp-json\/wp\/v2\/media?parent=5755"}],"wp:term":[{"taxonomy":"category","embeddable":true,"href":"https:\/\/www.novakidschool.com\/es\/blog\/wp-json\/wp\/v2\/categories?post=5755"},{"taxonomy":"post_tag","embeddable":true,"href":"https:\/\/www.novakidschool.com\/es\/blog\/wp-json\/wp\/v2\/tags?post=5755"}],"curies":[{"name":"wp","href":"https:\/\/api.w.org\/{rel}","templated":true}]}}